{"id":41571,"date":"2021-06-15T04:00:00","date_gmt":"2021-06-15T04:00:00","guid":{"rendered":"https:\/\/chicagodesavanja.us\/open-chicago-letnja-kulturna-desavanja-stizu\/"},"modified":"2021-06-15T04:00:00","modified_gmt":"2021-06-15T04:00:00","slug":"open-chicago-letnja-kulturna-desavanja-stizu","status":"publish","type":"post","link":"https:\/\/chicagodesavanja.us\/en\/vesti\/open-chicago-letnja-kulturna-desavanja-stizu\/","title":{"rendered":"Gradona\u010delnica \u010cikaga najavljuje letnje kulturne doga\u0111aje"},"content":{"rendered":"<p class=\"wp-block-paragraph\">Kancelarija gradona\u010delnice Lori Lajtfut objavila je jo\u0161 detalja o inicijativi \u2018Open Chicago\u2019 koja uklju\u010duje brojne nove kulturne doga\u0111aje koji dolaze u \u010cikago ovog leta.<\/p>\n\n\n\n<p class=\"wp-block-paragraph\">\u201eProteklog petka \u010cikago je postao najvec\u0301i, potpuno otvoren grad u Americi \u2013postignuc\u0301e koje ne bi bilo moguc\u0301e bez saradnje lidera u javnom, privatnom i filantropskom sektoru\u201c, rekla je gradona\u010delnica Lajtfut. <\/p>\n\n\n\n<p class=\"wp-block-paragraph\">\u201e\u017delim da se zahvalim svim gradovima, umetnicima, zajednicama i poslovnim liderima koji su se udru\u017eili s nama u inicijativi &#8216;Open Chicago&#8217;. Tako\u0111e, hvala i na\u0161im stanovnicima, \u010dija je marljivost u prac\u0301enju smernica javnog zdravlja omoguc\u0301ila da se kulturna scena na\u0161eg grada vrati\u201c, dodala je.<\/p>\n\n\n\n<p class=\"wp-block-paragraph\">Grad c\u0301e tokom leta organizovati desetine drugih besplatnih i pristupa\u010dnih posebnih doga\u0111aja.<\/p>\n\n\n\n<p class=\"wp-block-paragraph\">Inicijativa uklju\u010duje nove i stare letnje kulturne doga\u0111aje, kao i postavke mnogih umetnika. Novi programi treba da obuhvate 16 doga\u0111aja u zajednici koje podr\u017eavaju gradovi pod oznakom &#8216;Chicago Presents&#8217;.<\/p>\n\n\n\n<p class=\"wp-block-paragraph\">Ti doga\u0111aji uklju\u010duju:<\/p>\n\n\n\n<ul class=\"wp-block-list\"><li>Devetodelna serija \u2018<a href=\"https:\/\/www.chicago.gov\/city\/en\/depts\/dca\/supp_info\/house.html\" target=\"_blank\" rel=\"noreferrer noopener\">House City<\/a>\u2019 u kvartovima koji su pomogli u stvaranju muzi\u010dkog \u017eanra \u2013 House music,<\/li><li>Nedelja pop-up hrane i muzi\u010dkih doga\u0111aja \u2018<a href=\"https:\/\/www.chicago.gov\/content\/city\/en\/depts\/dca\/supp_info\/taste_of_chicago.html\" target=\"_blank\" rel=\"noreferrer noopener\">Taste of Chicago To-Go<\/a>\u2019,<\/li><li>Dve proslave \u2013 Latinx i <a href=\"https:\/\/www.chicago.gov\/content\/city\/en\/depts\/dca\/supp_info\/world_music_festival.html\" target=\"_blank\" rel=\"noreferrer noopener\">World Music<\/a>,<\/li><li>Filmske projekcije u paviljonu Pritzker,<\/li><li>Jedinstveno me\u0161anje umetnosti i plesa tako\u0111e u parku Millennium.<\/li><\/ul>\n\n\n\n<p class=\"wp-block-paragraph\">Grad \u0107e ukinuti preostala ograni\u010denja kapaciteta za programe i ne\u0107e zahtevati prethodnu registraciju, kako je prethodno najavljeno.<\/p>\n\n\n\n<p class=\"wp-block-paragraph\">Pokretne jedinice za vakcinaciju bi\u0107e na raspolaganju na mnogim od ovih doga\u0111aja za zainteresovane gra\u0111ane.<\/p>\n\n\n\n<p class=\"wp-block-paragraph\">Na slede\u0107em <a href=\"https:\/\/www.chicago.gov\/city\/en\/depts\/dca\/provdrs\/attractions_eventsandexhibitions\/news\/2021\/june\/summer.html\" target=\"_blank\" rel=\"noreferrer noopener\">linku<\/a> mo\u017eete pro\u010ditati vi\u0161e kulturnim de\u0161avanjima koji su deo inicijative &#8216;Open Chicago&#8217;.<\/p>\n\n\n\n<p class=\"wp-block-paragraph\">Tako\u0111e, <a href=\"https:\/\/aktuelnosti.us\/niz-festivala-i-dogadaja-najavljeno-u-cikagu\/\" target=\"_blank\" rel=\"noreferrer noopener\">kliknite<\/a> i pogledajte koji \u0107e se jo\u0161 doga\u0111aji i festivali odr\u017eati u \u010cikagu ovoga leta.<\/p>\n\n\n\n<p class=\"wp-block-paragraph\">You can find more information <a href=\"https:\/\/abc7chicago.com\/community-events\/mayor-lightfoot-announces-new-summer-cultural-events\/10787351\/\" target=\"_blank\" rel=\"noreferrer noopener\">here<\/a>.<\/p>\n\n\n\n<p class=\"wp-block-paragraph\" style=\"font-size:10px\">IZVOR: ABC 7 CHICAGO FOTO: UNSPLASH<\/p>","protected":false},"excerpt":{"rendered":"<p>Kancelarija gradona\u010delnice Lori Lajtfut objavila je jo\u0161 detalja o inicijativi \u2018Open Chicago\u2019 koja uklju\u010duje brojne nove kulturne doga\u0111aje koji dolaze u \u010cikago ovog leta. \u201eProteklog petka \u010cikago je postao najvec\u0301i, potpuno otvoren grad u Americi \u2013postignuc\u0301e koje ne bi bilo moguc\u0301e bez saradnje lidera u javnom, privatnom i filantropskom sektoru\u201c, rekla je gradona\u010delnica Lajtfut. \u201e\u017delim [&hellip;]<\/p>\n","protected":false},"author":3,"featured_media":0,"comment_status":"","ping_status":"","sticky":false,"template":"","format":"standard","meta":{"footnotes":""},"categories":[368,369],"tags":[457,370,48675,62097,62098,6464,62099,61358,593,594,39286,60661,623,60447,1857,53690,61439,1861,62100],"class_list":["post-41571","post","type-post","status-publish","format-standard","hentry","category-vesti-amerika","category-vesti","tag-chicago","tag-cikago","tag-gradonacelnica-cikaga","tag-house-city","tag-inici","tag-kulturni-dogadaji","tag-latinx","tag-leto-2021","tag-lori-lajtfut","tag-lori-lightfoot","tag-millenium-park","tag-muzicki-dogadaji","tag-muzika","tag-open-chicago","tag-ples","tag-pritzker-pavilion","tag-taste-of-chicago-to-go-2","tag-umetnost","tag-world-music"],"_links":{"self":[{"href":"https:\/\/chicagodesavanja.us\/en\/wp-json\/wp\/v2\/posts\/41571","targetHints":{"allow":["GET"]}}],"collection":[{"href":"https:\/\/chicagodesavanja.us\/en\/wp-json\/wp\/v2\/posts"}],"about":[{"href":"https:\/\/chicagodesavanja.us\/en\/wp-json\/wp\/v2\/types\/post"}],"author":[{"embeddable":true,"href":"https:\/\/chicagodesavanja.us\/en\/wp-json\/wp\/v2\/users\/3"}],"replies":[{"embeddable":true,"href":"https:\/\/chicagodesavanja.us\/en\/wp-json\/wp\/v2\/comments?post=41571"}],"version-history":[{"count":0,"href":"https:\/\/chicagodesavanja.us\/en\/wp-json\/wp\/v2\/posts\/41571\/revisions"}],"wp:attachment":[{"href":"https:\/\/chicagodesavanja.us\/en\/wp-json\/wp\/v2\/media?parent=41571"}],"wp:term":[{"taxonomy":"category","embeddable":true,"href":"https:\/\/chicagodesavanja.us\/en\/wp-json\/wp\/v2\/categories?post=41571"},{"taxonomy":"post_tag","embeddable":true,"href":"https:\/\/chicagodesavanja.us\/en\/wp-json\/wp\/v2\/tags?post=41571"}],"curies":[{"name":"WP","href":"https:\/\/api.w.org\/{rel}","templated":true}]}}