{"id":41541,"date":"2021-06-18T04:11:00","date_gmt":"2021-06-18T04:11:00","guid":{"rendered":"https:\/\/chicagodesavanja.us\/americki-vrhovni-sud-odbacio-predlog-da-se-ukine-obamaker\/"},"modified":"2021-06-18T04:11:00","modified_gmt":"2021-06-18T04:11:00","slug":"americki-vrhovni-sud-odbacio-predlog-da-se-ukine-obamaker","status":"publish","type":"post","link":"https:\/\/chicagodesavanja.us\/en\/vesti\/americki-vrhovni-sud-odbacio-predlog-da-se-ukine-obamaker\/","title":{"rendered":"Vrhovni sud tre\u0107i put odbacio poku\u0161aj ukidanja Obamakera"},"content":{"rendered":"<p class=\"wp-block-paragraph\"> Vrhovni sud odbacio je poku\u0161aj republikanaca, koji je podr\u017eala administracija biv\u0161eg predsednika\u00a0Donalda Trampa,\u00a0da se ukine zakon o zdravstvenoj za\u0161titi poznat kao Obamaker.<\/p>\n\n\n\n<p class=\"wp-block-paragraph\">Ve\u0107ina sudija, 7 naprema 2, presudila je da Teksas i druge dr\u017eave nisu imali zakonsku osnovu da podnesu tu\u017ebu. Sudije nisu odlu\u010divale o \u0161irim pravnim pitanjima, pokrenutim tokom procesa, o tome da li je jedna od klju\u010dnih odredbi Zakona o pristupa\u010dnoj zdravstvenoj za\u0161titi neustavna i ako je to slu\u010daj, da li bi trebalo ukinuti ostatak zakona.<\/p>\n\n\n\n<p class=\"wp-block-paragraph\">Prema toj odredbi, Amerikanci su obavezni da kupe zdravstveno osiguranje ili da u suprotnom plate finansijsku kaznu. Ovo je tre\u0107i put da je Vrhovni sud o\u010duvao Obamaker od kako je zakon stupio na snagu 2010. godine.<\/p>\n\n\n\n<p class=\"wp-block-paragraph\">Predsednik\u00a0D\u017eo Bajden\u00a0saop\u0161tio je da je odluka Vrhovnog suda &#8222;velika pobeda za ameri\u010dki narod&#8220; i da \u0107e osigurati da zemlja bude bli\u017ea tome da &#8222;zdravstvena za\u0161tita bude pravo a ne privilegija&#8220;.<\/p>\n\n\n\n<p class=\"wp-block-paragraph\">&#8222;Zakon o pristupa\u010dnoj zdravstvenoj za\u0161titi ostaje na snazi i nastavi\u0107e da obezbe\u0111uje zdravstvenu za\u0161titu milionima Amerikanaca. Danas je dobar dan&#8220;,\u00a0saop\u0161tila je\u00a0Sabrina Sing, portparolka potpredsednice SAD\u00a0Kamale Haris.<\/p>\n\n\n\n<p class=\"wp-block-paragraph\">Administracija predsednika Bajdena u februaru je zatra\u017eila od Vrhovnog suda da potvrdi Obamaker, \u010dime je promenila stav koji je federalna vlada zauzela pod Trampom.<\/p>\n\n\n\n<p class=\"wp-block-paragraph\"><a href=\"https:\/\/chicagodesavanja.us\/en\/vesti\/vrhovni-sud-ponovo-razmatrao-obamaker-verovatno-ga-nece-ukinuti\/\" target=\"_blank\" rel=\"noreferrer noopener\">Ukidanje Obamakera<\/a> su u tu\u017ebi zatra\u017eili Teksas i 17 saveznih dr\u017eava u kojima republikanci imaju ve\u0107inu, a podr\u017eala ih je i Trampova administracija. Koalicija 20 ameri\u010dkih dr\u017eava, me\u0111u kojima su Kalifornija i Njujork kojima upravljaju demokrate, i Predstavni\u010dki dom ameri\u010dkog Kongresa intervenisali su u ovom slu\u010daju da bi sa\u010duvali Obamaker nakon \u0161to je Tramp odbio da ga brani.<\/p>\n\n\n\n<p class=\"wp-block-paragraph\">Sa presudom se nisu saglasile konzervativne sudije\u00a0Semjuel Alito\u00a0i\u00a0Nil Gorsa\u010d.<\/p>\n\n\n\n<p class=\"wp-block-paragraph\">Republikanci su se sna\u017eno protivili Obamakeru kada je predlo\u017een, ali nisu uspeli da ga ukinu kada su kontrolisali oba doma Kongresa. Tako\u0111e su nesupe\u0161no poku\u0161avali da isto urade pred sudovima.<\/p>\n\n\n\n<p class=\"wp-block-paragraph\">U Vrhovnom sudu ve\u0107inu imaju konzervativne sudije, 6 naprema 3, nakon \u0161to je u oktobru pro\u0161le godine Senat potvrdio Trampovu kandidatkinju\u00a0Ejmi Koni Beret.<\/p>\n\n\n\n<p class=\"wp-block-paragraph\">Me\u0111utim, republikanci koji osporavaju zakon, usvojen za vreme biv\u0161eg predsednika\u00a0Baraka Obame<strong>,<\/strong>\u00a0i dalje su razo\u010darani odlukom suda. Vrhovni sud je tako\u0111e 2012. i 2015. godine odbacio republikanske tu\u017ebe protiv Obamakera.<\/p>\n\n\n\n<p class=\"wp-block-paragraph\">Aktuelni predsednik Bajden je obe\u0107ao da \u0107e pobolj\u0161ati pristup zdravstvenoj za\u0161titi i oja\u010dati postoje\u0107i zakon. Tako\u0111e je uz ostale demokrate kritikovao republikanske napore da se zakon ukine u trenutku kada se Sjedinjene Dr\u017eave bore sa pandemijom koronavirusa.<\/p>\n\n\n\n<p class=\"wp-block-paragraph\">Da je Obamaker ukinut, i do 20 miliona Amerikanca izgubilo bi zdravstveno osiguranje, a osiguravaju\u0107e kompanije bi ponovo mogle da odbiju da osiguraju gra\u0111ane sa hroni\u010dnim zdravstvenim problemima.<\/p>\n\n\n\n<p class=\"wp-block-paragraph\" style=\"font-size:10px\">SOURCE: <a href=\"https:\/\/www.glasamerike.net\/a\/vrhovni-sud-ponovo-potvrdio-obamaker\/5932497.html\" target=\"_blank\" rel=\"noreferrer noopener\">VOA <\/a>I FOTO: AP NEWS<\/p>","protected":false},"excerpt":{"rendered":"<p>Vrhovni sud odbacio je poku\u0161aj republikanaca, koji je podr\u017eala administracija biv\u0161eg predsednika\u00a0Donalda Trampa,\u00a0da se ukine zakon o zdravstvenoj za\u0161titi poznat kao Obamaker. Ve\u0107ina sudija, 7 naprema 2, presudila je da Teksas i druge dr\u017eave nisu imali zakonsku osnovu da podnesu tu\u017ebu. Sudije nisu odlu\u010divale o \u0161irim pravnim pitanjima, pokrenutim tokom procesa, o tome da li [&hellip;]<\/p>\n","protected":false},"author":3,"featured_media":0,"comment_status":"","ping_status":"","sticky":false,"template":"","format":"standard","meta":{"footnotes":""},"categories":[368,369],"tags":[61980,2997,61981,41683,61982,2479,61983,6604,8171,13415],"class_list":["post-41541","post","type-post","status-publish","format-standard","hentry","category-vesti-amerika","category-vesti","tag-finansijska-kazna","tag-obamacare","tag-obamaker","tag-pandemija-koronavirusa","tag-pristupacna-zdravstvena-zastita","tag-ukidanje","tag-ukidanje-obamakera","tag-vrhovni-sud","tag-zdravstvena-zastita","tag-zdravstveno-osiguranje"],"_links":{"self":[{"href":"https:\/\/chicagodesavanja.us\/en\/wp-json\/wp\/v2\/posts\/41541","targetHints":{"allow":["GET"]}}],"collection":[{"href":"https:\/\/chicagodesavanja.us\/en\/wp-json\/wp\/v2\/posts"}],"about":[{"href":"https:\/\/chicagodesavanja.us\/en\/wp-json\/wp\/v2\/types\/post"}],"author":[{"embeddable":true,"href":"https:\/\/chicagodesavanja.us\/en\/wp-json\/wp\/v2\/users\/3"}],"replies":[{"embeddable":true,"href":"https:\/\/chicagodesavanja.us\/en\/wp-json\/wp\/v2\/comments?post=41541"}],"version-history":[{"count":0,"href":"https:\/\/chicagodesavanja.us\/en\/wp-json\/wp\/v2\/posts\/41541\/revisions"}],"wp:attachment":[{"href":"https:\/\/chicagodesavanja.us\/en\/wp-json\/wp\/v2\/media?parent=41541"}],"wp:term":[{"taxonomy":"category","embeddable":true,"href":"https:\/\/chicagodesavanja.us\/en\/wp-json\/wp\/v2\/categories?post=41541"},{"taxonomy":"post_tag","embeddable":true,"href":"https:\/\/chicagodesavanja.us\/en\/wp-json\/wp\/v2\/tags?post=41541"}],"curies":[{"name":"WP","href":"https:\/\/api.w.org\/{rel}","templated":true}]}}