{"id":41514,"date":"2021-06-21T04:45:00","date_gmt":"2021-06-21T04:45:00","guid":{"rendered":"https:\/\/chicagodesavanja.us\/traze-da-dzo-bajden-bude-podvrgnut-psiho-testu\/"},"modified":"2021-06-21T04:45:00","modified_gmt":"2021-06-21T04:45:00","slug":"traze-da-dzo-bajden-bude-podvrgnut-psiho-testu","status":"publish","type":"post","link":"https:\/\/chicagodesavanja.us\/en\/vesti\/traze-da-dzo-bajden-bude-podvrgnut-psiho-testu\/","title":{"rendered":"Tra\u017ee da uradi psiholo\u0161ki test: Da li je Bajden sposoban da vodi Ameriku?!"},"content":{"rendered":"<p class=\"wp-block-paragraph\">Kongresmen Roni D\u017eekson iz Teksasa, biv\u0161i lekar Bele ku\u0107e koji je nekada\u0161njem predsedniku Donaldu Trampu izdao uverenje o mentalnom zdravlju, tra\u017ei da D\u017eo Bajden bude podvrgnut psiholo\u0161kom testu koji bi omogu\u0107i da se odredi da li je u stanju da vr\u0161i funkciju predsednika SAD.<\/p>\n\n\n\n<p class=\"wp-block-paragraph\">\u2013 Amerikanci bi trebalo da imaju potpuno poverenje u svog predsednika \u2013 napisali su u pismu Bajdenu D\u017eekson i jo\u0161 13 kongresmena. \u2013 Zaslu\u017euju da znaju da li on ili ona mo\u017ee da obavlja du\u017enosti \u0161efa dr\u017eave i glavnokomanduju\u0107eg vojske. Zaslu\u017euju potpunu transparentnost o mentalnim sposobnostima svog najvi\u0161eg izabranog zvani\u010dnika, prenosi \u201cEspreso\u201d.<\/p>\n\n\n\n<p class=\"wp-block-paragraph\">Grupa kongresmena tra\u017ei od <a href=\"https:\/\/aktuelnosti.us\/?s=dzo+bajden\" target=\"_blank\" rel=\"noreferrer noopener\">Bajdena<\/a> da \u201chitno\u201d pristupi kognitivnom testu i da objavi rezultate, \u201ctako da Amerikanci znaju potpuno mentalno i intelektualno zdravlje svog predsednika\u201d, i tra\u017ee da Bajden na ovaj na\u010din postavi primer predsednicima koji \u0107e uslediti.<\/p>\n\n\n\n<p class=\"wp-block-paragraph\">U pismu se nagla\u0161ava da je Donald Tramp, po\u0161to su demokratski kongresmeni i mediji to od njega tra\u017eili, 2018. godine uradio Montrealsku kognitivnu procenu (MOCA test). D\u017eekson je objavio da je Tramp tada imao savr\u0161en skor na testu, a on je bio na udaru medija po\u0161to je objavio izuzetno dobru procenu mentalnog zdravlja tada\u0161njeg predsednika.<\/p>\n\n\n\n<p class=\"wp-block-paragraph\">Mediji su tako\u0111e ismevali Trampa zbog navodne lako\u0107e njegovog kognitivnog testa.<\/p>\n\n\n\n<p class=\"wp-block-paragraph\">Po\u0161to je Bajden napravio seriju gafova u poslednjih godinu dana kampanje za predsedni\u010dke izbore, Tramp je tra\u017eio od njega da uradi test, kako bi dokazao da je mentalno sposoban da vodi dr\u017eavu. Demokratski kandidat je tada odbacio ovaj poziv i rugao se novinaru koji je ovo tra\u017eio u avgustu.<\/p>\n\n\n\n<p class=\"wp-block-paragraph\">MOCA test je napravljen tako da pokazuje rane znake mentalnih problema. D\u017eekson i drugi republikanski kongresmeni tvrde u svom pismu da je ovakva procena \u201cneophodna\u201d za Bajdena, imaju\u0107i u vidu njegovu istoriju krvarenja u mozgu.<\/p>\n\n\n\n<p class=\"wp-block-paragraph\">\u2013 Neka pona\u0161anja koja su signal da bi neko trebalo da se testira su ponavljanje re\u010di, gubljenje stvari, zaboravljanje nedavnih doga\u0111aja i zaboravljanje razgovora \u2013 pi\u0161e u pismu.<\/p>\n\n\n\n<p class=\"wp-block-paragraph\">Oni su u pismu naveli nekoliko incidenata, kao onaj iz marta, kad je Bajden po svoj prilici zaboravio ime dr\u017eavnog sekretara za odbranu Lojda Ostina, zatim njegove gre\u0161ke u izgovaranju imena, funkcija i doba dana tokom posete Hjustonu u februaru, i izjavu iz maja, kad je pogre\u0161no identifikovao avion kojim je leteo u vreme Obamine administracije. U martu je, tvrde oni, zaboravio i deo iz Deklaracije nezavisnosti.<\/p>\n\n\n\n<p class=\"wp-block-paragraph\" style=\"font-size:10px\">SOURCE: <a href=\"https:\/\/www.espreso.co.rs\/svet\/planeta\/816117\/od-bajdena-traze-da-uradi-hitan-psiholoski-test-kongresmeni-zele-da-znaju-da-li-je-sposoban-da-vodi-ameriku\" target=\"_blank\" rel=\"noreferrer noopener\">ESPRESO<\/a> I FOTO: CNN<\/p>","protected":false},"excerpt":{"rendered":"<p>Kongresmen Roni D\u017eekson iz Teksasa, biv\u0161i lekar Bele ku\u0107e koji je nekada\u0161njem predsedniku Donaldu Trampu izdao uverenje o mentalnom zdravlju, tra\u017ei da D\u017eo Bajden bude podvrgnut psiholo\u0161kom testu koji bi omogu\u0107i da se odredi da li je u stanju da vr\u0161i funkciju predsednika SAD. \u2013 Amerikanci bi trebalo da imaju potpuno poverenje u svog predsednika [&hellip;]<\/p>\n","protected":false},"author":3,"featured_media":0,"comment_status":"","ping_status":"","sticky":false,"template":"","format":"standard","meta":{"footnotes":""},"categories":[368,369],"tags":[60717,43976,592,1735,42048,60712,5186,1737,61869,61870,61871],"class_list":["post-41514","post","type-post","status-publish","format-standard","hentry","category-vesti-amerika","category-vesti","tag-bivsi-lekar","tag-incidenti","tag-joe-biden","tag-kognitivni-test","tag-kongresmen","tag-mentalni-problemi","tag-mentalno-zdravlje","tag-moca-test","tag-psiholoski-test","tag-roni-dzekson","tag-uverenje"],"_links":{"self":[{"href":"https:\/\/chicagodesavanja.us\/en\/wp-json\/wp\/v2\/posts\/41514","targetHints":{"allow":["GET"]}}],"collection":[{"href":"https:\/\/chicagodesavanja.us\/en\/wp-json\/wp\/v2\/posts"}],"about":[{"href":"https:\/\/chicagodesavanja.us\/en\/wp-json\/wp\/v2\/types\/post"}],"author":[{"embeddable":true,"href":"https:\/\/chicagodesavanja.us\/en\/wp-json\/wp\/v2\/users\/3"}],"replies":[{"embeddable":true,"href":"https:\/\/chicagodesavanja.us\/en\/wp-json\/wp\/v2\/comments?post=41514"}],"version-history":[{"count":0,"href":"https:\/\/chicagodesavanja.us\/en\/wp-json\/wp\/v2\/posts\/41514\/revisions"}],"wp:attachment":[{"href":"https:\/\/chicagodesavanja.us\/en\/wp-json\/wp\/v2\/media?parent=41514"}],"wp:term":[{"taxonomy":"category","embeddable":true,"href":"https:\/\/chicagodesavanja.us\/en\/wp-json\/wp\/v2\/categories?post=41514"},{"taxonomy":"post_tag","embeddable":true,"href":"https:\/\/chicagodesavanja.us\/en\/wp-json\/wp\/v2\/tags?post=41514"}],"curies":[{"name":"WP","href":"https:\/\/api.w.org\/{rel}","templated":true}]}}