{"id":41270,"date":"2021-07-19T04:35:00","date_gmt":"2021-07-19T04:35:00","guid":{"rendered":"https:\/\/chicagodesavanja.us\/predsednik-bajden-se-zalaze-za-program-pomoci-mladim-migrantima\/"},"modified":"2021-07-19T04:35:00","modified_gmt":"2021-07-19T04:35:00","slug":"predsednik-bajden-se-zalaze-za-program-pomoci-mladim-migrantima","status":"publish","type":"post","link":"https:\/\/chicagodesavanja.us\/en\/vesti\/predsednik-bajden-se-zalaze-za-program-pomoci-mladim-migrantima\/","title":{"rendered":"Bajden najavljuje \u017ealbu na &#8222;razo\u010daravaju\u0107u&#8220; presudu o mladim imigrantima"},"content":{"rendered":"<p class=\"wp-block-paragraph\">Predsednik\u00a0D\u017eo Bajden\u00a0izjavio je da Sekretarijat za pravosu\u0111e namerava da ulo\u017ei \u017ealbu na odluku federalnog sudije kojim se program iz ere predsednika Obame, koji je \u0161titio stotine hiljada mladih imigranata od deportacije \u2013 progla\u0161ava nelegalnim. Bajden je ponovo pozvao Kongres da prona\u0111e trajno re\u0161enje.<\/p>\n\n\n\n<p class=\"wp-block-paragraph\">Predsednik je saop\u0161tio da je sudska odluka, doneta u petak, \u201cduboko razo\u010daravaju\u0107a\u201d i da \u2013 iako se ne odnosi na ljude koji su ve\u0107 pokriveni programom Odlo\u017eena akcija za prido\u0161le u detinjstvu (DACA) \u2013 stotine hiljada drugih mladih imigranata izla\u017ee neizvesnoj budu\u0107nosti.<\/p>\n\n\n\n<p class=\"wp-block-paragraph\">Program je dozvoljavao hiljadama mladih ljudi koji su ilegalno dovedeni u SAD kao deca ili su ostali u zemlji po isteku viza \u2013 da \u017eive, rade i ostanu u zemlji. Mnogi od korisnika programa, poznati pod nazivom \u201csanjari\u201d, \u017eive u SAD ve\u0107 deset godina ili du\u017ee.<\/p>\n\n\n\n<p class=\"wp-block-paragraph\">Me\u0111utim, Teksas I jo\u0161 osam dr\u017eava podnelo je zahtev da se zaustavi DACA, tvrde\u0107i da predsednik Barak Obama nije imao ovla\u0161\u0107enja da uspostavi taj program jer je zaobi\u0161ao Kongres. Federalni sudija\u00a0Endru Henen\u00a0u Hjustonu se saglasio i dok njegova presuda zna\u010di da sada\u0161nji korisnici mogu da nastave da \u017eive I rade u zemlji, vladi se zabranjuje da odobrava nove aplikacije.<\/p>\n\n\n\n<p class=\"wp-block-paragraph\">Bajden je pozvao Kongres da usvoji zakon kojim bi se trajno za\u0161titili mladi imigranti na koje se program odnosi. \u201cSamo Kongres mo\u017ee da obezbedi trajno re\u0161enje i put ka dr\u017eavljanstvu sanjarima koji \u0107e pru\u017eiti izvesnost i stabilnost koju ti mladi ljudi zaslu\u017euju\u201d, poru\u010dio je predsednik.<\/p>\n\n\n\n<p class=\"wp-block-paragraph\">\u201cVi\u0161e puta sam pozivao Kongres da usvoji zakonski predlog nazvan \u201cAmeri\u010dki san i obe\u0107anje\u201d i sada ga ponavljam sa velikom urgentno\u0161\u0107u. Nadam se svim srcem da \u0107e, kroz pomirenje i druge na\u010dine, Kongres kona\u010dno pru\u017eiti sigurnost svim sanjarima, koji su predugo \u017eiveli u strahu.\u201d<\/p>\n\n\n\n<p class=\"wp-block-paragraph\">Predstavni\u010dki dom je usvojio zakon u martu kojim je stvoren put ka dr\u017eavljanstvu za imigrante ali je mera zako\u010dena u Senatu. Imigracioni advokati se nadaju da \u0107e predlog uklju\u010diti u veliki zakon o bud\u017eetu koji demokrate \u017eele da usvoje ove godine, ali nije izvesno da li \u0107e sadr\u017eaj predloga ostati isti.<\/p>\n\n\n\n<p class=\"wp-block-paragraph\" style=\"font-size:10px\">SOURCE: <a href=\"https:\/\/www.glasamerike.net\/a\/bajden-najavljuje-%C5%BEalbu-na-razo%C4%8Daravaju%C4%87u-presudu-o-mladim-imigrantima\/5969465.html\" target=\"_blank\" rel=\"noreferrer noopener\">VOA<\/a> Photo: UNSPLASH<\/p>","protected":false},"excerpt":{"rendered":"<p>Predsednik\u00a0D\u017eo Bajden\u00a0izjavio je da Sekretarijat za pravosu\u0111e namerava da ulo\u017ei \u017ealbu na odluku federalnog sudije kojim se program iz ere predsednika Obame, koji je \u0161titio stotine hiljada mladih imigranata od deportacije \u2013 progla\u0161ava nelegalnim. Bajden je ponovo pozvao Kongres da prona\u0111e trajno re\u0161enje. Predsednik je saop\u0161tio da je sudska odluka, doneta u petak, \u201cduboko razo\u010daravaju\u0107a\u201d [&hellip;]<\/p>\n","protected":false},"author":3,"featured_media":0,"comment_status":"","ping_status":"","sticky":false,"template":"","format":"standard","meta":{"footnotes":""},"categories":[368,369],"tags":[455,35548,17322,1338,57953,3984,2885,55154,6707,55954,3321,61034],"class_list":["post-41270","post","type-post","status-publish","format-standard","hentry","category-vesti-amerika","category-vesti","tag-bajden","tag-barac-obama","tag-daca","tag-deportacija","tag-imigracioni-advokati","tag-imigranti","tag-kongres","tag-predsednik-dzo-bajden","tag-presuda","tag-sanjari","tag-texas","tag-trajno-resenje"],"_links":{"self":[{"href":"https:\/\/chicagodesavanja.us\/en\/wp-json\/wp\/v2\/posts\/41270","targetHints":{"allow":["GET"]}}],"collection":[{"href":"https:\/\/chicagodesavanja.us\/en\/wp-json\/wp\/v2\/posts"}],"about":[{"href":"https:\/\/chicagodesavanja.us\/en\/wp-json\/wp\/v2\/types\/post"}],"author":[{"embeddable":true,"href":"https:\/\/chicagodesavanja.us\/en\/wp-json\/wp\/v2\/users\/3"}],"replies":[{"embeddable":true,"href":"https:\/\/chicagodesavanja.us\/en\/wp-json\/wp\/v2\/comments?post=41270"}],"version-history":[{"count":0,"href":"https:\/\/chicagodesavanja.us\/en\/wp-json\/wp\/v2\/posts\/41270\/revisions"}],"wp:attachment":[{"href":"https:\/\/chicagodesavanja.us\/en\/wp-json\/wp\/v2\/media?parent=41270"}],"wp:term":[{"taxonomy":"category","embeddable":true,"href":"https:\/\/chicagodesavanja.us\/en\/wp-json\/wp\/v2\/categories?post=41270"},{"taxonomy":"post_tag","embeddable":true,"href":"https:\/\/chicagodesavanja.us\/en\/wp-json\/wp\/v2\/tags?post=41270"}],"curies":[{"name":"WP","href":"https:\/\/api.w.org\/{rel}","templated":true}]}}