{"id":41224,"date":"2021-07-24T04:23:00","date_gmt":"2021-07-24T04:23:00","guid":{"rendered":"https:\/\/chicagodesavanja.us\/olimpijske-igre-zvanicno-otvorene\/"},"modified":"2021-07-24T04:23:00","modified_gmt":"2021-07-24T04:23:00","slug":"olimpijske-igre-zvanicno-otvorene","status":"publish","type":"post","link":"https:\/\/chicagodesavanja.us\/en\/vesti\/olimpijske-igre-zvanicno-otvorene\/","title":{"rendered":"Neobi\u010dne Letnje olimpijske igre u Tokiju, pod senkom pandemije"},"content":{"rendered":"<p class=\"wp-block-paragraph\">Nakon jednogodi\u0161njeg odlaganja zbog pandemije, Olimpijske igre u Tokiju formalno su otvorene 23. jula &#8211; vatrometom i koreografijom osmi\u0161ljenom za televiziju, na skoro praznom stadionu. <\/p>\n\n\n\n<p class=\"wp-block-paragraph\">Olimpijski plamen upalila je japanska globalna teniska zvezda&nbsp;Naomi Osaka.<\/p>\n\n\n\n<p class=\"wp-block-paragraph\">Doga\u0111aj je odr\u017ean pred desetinama hiljada praznih mesta na olimpijskom stadionu u Tokiju, a prisustvovalo je samo oko 900 zvani\u010dnika zbog mera spre\u010davanja \u0161irenja virusa kovid 19. <\/p>\n\n\n\n<p class=\"wp-block-paragraph\">Ceremonija otvaranja, nazvana&nbsp;&#8216;Ujedinjeni emocijama&#8217;, bila je \u017eivopisna ali neobi\u010dno prigu\u0161ena, u skladu sa pandemijskim okolnostima u kojima se igre odr\u017eavaju.<\/p>\n\n\n\n<p class=\"wp-block-paragraph\">Sportisti, od kojih je velika ve\u0107ina nosila maske, pro\u0161la je u paradi kroz sablasno tihi Nacionalni stadion gde su zastave timova, po prvi put, zajedno nosili mu\u0161karci i \u017eene. <\/p>\n\n\n\n<p class=\"wp-block-paragraph\">Kanadska delegacija mar\u0161irala sa bed\u017eevima sa dugom na uniformama, u znak podr\u0161ke LGBTQ zajednici.<\/p>\n\n\n\n<p class=\"wp-block-paragraph\">Olimpijska baklja je no\u0161ena kroz stadion i preno\u0161ena izme\u0111u olimpijskih prvaka do bejzbol legendi, a nosili su je tako\u0111e jedan lekar, medicinska sestra, Paraolimpija i deca iz delova Japana te\u0161ko pogo\u0111enih zemljotresom i cunamijem u martu 2011. <\/p>\n\n\n\n<p class=\"wp-block-paragraph\">Plamen je kona\u010dno predat Osaki, 23-godi\u0161njoj \u0161ampionki koja je \u0107erka Japanke i Hai\u0107anina, i simbol promena i raznovrsnosti koja raste u nekada etni\u010dki homogenoj zemlji.<\/p>\n\n\n\n<figure class=\"wp-block-embed is-type-rich is-provider-twitter wp-block-embed-twitter\"><div class=\"wp-block-embed__wrapper\">\n<blockquote class=\"twitter-tweet\" data-width=\"500\" data-dnt=\"true\"><p lang=\"en\" dir=\"ltr\">The Olympic Flag is carried into the stadium by six athletes who have given their time and talent to serve as essential workers in their local communities. <br><br>Thank you. \ud83d\ude4f<a href=\"https:\/\/x.com\/hashtag\/StrongerTogether?src=hash&amp;ref_src=twsrc%5Etfw\">#StrongerTogether<\/a> <a href=\"https:\/\/x.com\/hashtag\/OpeningCeremony?src=hash&amp;ref_src=twsrc%5Etfw\">#OpeningCeremony<\/a> <a href=\"https:\/\/t.co\/DVPFptksXU\">pic.twitter.com\/DVPFptksXU<\/a><\/p>&mdash; The Olympic Games\u2122 (@Olympics) <a href=\"https:\/\/x.com\/Olympics\/status\/1418577452738166784?ref_src=twsrc%5Etfw\">July 23, 2021<\/a><\/blockquote><script async src=\"https:\/\/platform.x.com\/widgets.js\" charset=\"utf-8\"><\/script>\n<\/div><\/figure>\n\n\n\n<p class=\"wp-block-paragraph\">Organizatori su uputili tradicionalnu poruku mira dok su svetske pop zvezde pevale pesmu&nbsp;D\u017eona Lenona&nbsp;i&nbsp;Joko Ono&nbsp;&#8222;Imagine&#8220;. Za vreme ove izvedbe, dronovi su formirali oblik olimpijskog znaka na nebu iznad stadiona, a onda ga pretvorili u oblik planete Zemlje. <\/p>\n\n\n\n<p class=\"wp-block-paragraph\">Na otvaranju je odata i po\u010dast zdravstvenim radnicima u borbi protiv pandemije. <\/p>\n\n\n\n<p class=\"wp-block-paragraph\">Bez uobi\u010dajene energije publike, Olimpijske igre su zapo\u010dele, dok u velikom delu zemlje doma\u0107ina postoji neverica i tinja bes zbog njihovog odr\u017eavanja. Organizatori se nadaju da \u0107e uzbu\u0111enje zbog sportskih takmi\u010denja biti ja\u010de od masovnog protivljenja odr\u017eavanju igara.<\/p>\n\n\n\n<p class=\"wp-block-paragraph\">\u201eDanas je trenutak nade. Da, veoma je druga\u010dije od onoga \u0161to smo zami\u0161ljali&#8220;, rekao je predsednik Me\u0111unarodnog olimpijskog komiteta&nbsp;Tomas Bah. \u201eAli hajde da slavimo ovaj trenutak jer smo kona\u010dno ovde, svi zajedno&#8220;, dodao je.<\/p>\n\n\n\n<p class=\"wp-block-paragraph\">\u201eTo ose\u0107anje zajedni\u0161tva &#8211; to je svetlo na kraju mra\u010dnog tunela pandemije&#8220;, izjavio je Bah.<\/p>\n\n\n\n<figure class=\"wp-block-embed is-type-rich is-provider-twitter wp-block-embed-twitter\"><div class=\"wp-block-embed__wrapper\">\n<blockquote class=\"twitter-tweet\" data-width=\"500\" data-dnt=\"true\"><p lang=\"en\" dir=\"ltr\">That&#39;s no moon\u2026it&#39;s a <a href=\"https:\/\/x.com\/hashtag\/Tokyo2020?src=hash&amp;ref_src=twsrc%5Etfw\">#Tokyo2020<\/a> drone display! \ud83d\ude32<a href=\"https:\/\/x.com\/hashtag\/Olympics?src=hash&amp;ref_src=twsrc%5Etfw\">#Olympics<\/a> | <a href=\"https:\/\/x.com\/hashtag\/UnitedByEmotion?src=hash&amp;ref_src=twsrc%5Etfw\">#UnitedByEmotion<\/a> | <a href=\"https:\/\/x.com\/hashtag\/StrongerTogether?src=hash&amp;ref_src=twsrc%5Etfw\">#StrongerTogether<\/a> | <a href=\"https:\/\/x.com\/hashtag\/OpeningCeremony?src=hash&amp;ref_src=twsrc%5Etfw\">#OpeningCeremony<\/a> <a href=\"https:\/\/t.co\/bIGD4UonPO\">pic.twitter.com\/bIGD4UonPO<\/a><\/p>&mdash; #Tokyo2020 (@Tokyo2020) <a href=\"https:\/\/x.com\/Tokyo2020\/status\/1418573922547634183?ref_src=twsrc%5Etfw\">July 23, 2021<\/a><\/blockquote><script async src=\"https:\/\/platform.x.com\/widgets.js\" charset=\"utf-8\"><\/script>\n<\/div><\/figure>\n\n\n\n<p class=\"wp-block-paragraph\">Prema Grejsnoutu, kompaniji za analizu podataka, predvi\u0111a se da \u0107e Sjedinjene Dr\u017eave predvoditi sve zemlje sa 96 medalja, uklju\u010duju\u0107i 40 zlatnih medalja. To bi bile sedme uzastopne letnje olimpijske igre za SAD koje vode u ukupnom broju medalja.<\/p>\n\n\n\n<p class=\"wp-block-paragraph\">Olimpijske igre mo\u017eete pratiti onlajn putem slede\u0107eg <a href=\"https:\/\/www.nbcolympics.com\/\" target=\"_blank\" rel=\"noreferrer noopener\">link<\/a>. <\/p>\n\n\n\n<p class=\"wp-block-paragraph\">You can find more information <a href=\"https:\/\/www.glasamerike.net\/a\/japan-tokio-olimpijske-igre-pandemija\/5976425.html\" target=\"_blank\" rel=\"noreferrer noopener\">here<\/a>. <\/p>\n\n\n\n<p class=\"wp-block-paragraph\" style=\"font-size:10px\">IZVOR: VOA FOTO: DEN OF GEEK<\/p>","protected":false},"excerpt":{"rendered":"<p>Nakon jednogodi\u0161njeg odlaganja zbog pandemije, Olimpijske igre u Tokiju formalno su otvorene 23. jula &#8211; vatrometom i koreografijom osmi\u0161ljenom za televiziju, na skoro praznom stadionu. Olimpijski plamen upalila je japanska globalna teniska zvezda&nbsp;Naomi Osaka. Doga\u0111aj je odr\u017ean pred desetinama hiljada praznih mesta na olimpijskom stadionu u Tokiju, a prisustvovalo je samo oko 900 zvani\u010dnika zbog [&hellip;]<\/p>\n","protected":false},"author":3,"featured_media":0,"comment_status":"","ping_status":"","sticky":false,"template":"","format":"standard","meta":{"footnotes":""},"categories":[431,369],"tags":[60797,60798,60799,11083,60774,43613,60800,60801],"class_list":["post-41224","post","type-post","status-publish","format-standard","hentry","category-svet","category-vesti","tag-dzon-lenon-2","tag-imagine","tag-naomi-osaka","tag-olimpijske-igre","tag-olimpijske-igre-2021","tag-olimpijski-plamen","tag-predsednik-olimpijskog-komiteta","tag-tomas-bah"],"_links":{"self":[{"href":"https:\/\/chicagodesavanja.us\/en\/wp-json\/wp\/v2\/posts\/41224","targetHints":{"allow":["GET"]}}],"collection":[{"href":"https:\/\/chicagodesavanja.us\/en\/wp-json\/wp\/v2\/posts"}],"about":[{"href":"https:\/\/chicagodesavanja.us\/en\/wp-json\/wp\/v2\/types\/post"}],"author":[{"embeddable":true,"href":"https:\/\/chicagodesavanja.us\/en\/wp-json\/wp\/v2\/users\/3"}],"replies":[{"embeddable":true,"href":"https:\/\/chicagodesavanja.us\/en\/wp-json\/wp\/v2\/comments?post=41224"}],"version-history":[{"count":0,"href":"https:\/\/chicagodesavanja.us\/en\/wp-json\/wp\/v2\/posts\/41224\/revisions"}],"wp:attachment":[{"href":"https:\/\/chicagodesavanja.us\/en\/wp-json\/wp\/v2\/media?parent=41224"}],"wp:term":[{"taxonomy":"category","embeddable":true,"href":"https:\/\/chicagodesavanja.us\/en\/wp-json\/wp\/v2\/categories?post=41224"},{"taxonomy":"post_tag","embeddable":true,"href":"https:\/\/chicagodesavanja.us\/en\/wp-json\/wp\/v2\/tags?post=41224"}],"curies":[{"name":"WP","href":"https:\/\/api.w.org\/{rel}","templated":true}]}}