{"id":41202,"date":"2021-07-27T04:02:00","date_gmt":"2021-07-27T04:02:00","guid":{"rendered":"https:\/\/chicagodesavanja.us\/putnica-na-letu-amerikan-erlajnsa-uhapsena-zbog-odbijanja-da-stavi-masku\/"},"modified":"2021-07-27T04:02:00","modified_gmt":"2021-07-27T04:02:00","slug":"putnica-na-letu-amerikan-erlajnsa-uhapsena-zbog-odbijanja-da-stavi-masku","status":"publish","type":"post","link":"https:\/\/chicagodesavanja.us\/en\/vesti\/putnica-na-letu-amerikan-erlajnsa-uhapsena-zbog-odbijanja-da-stavi-masku\/","title":{"rendered":"Incident u avionu: \u017dena u Americi uhap\u0161ena zato \u0161to je odbila da nosi masku"},"content":{"rendered":"<p class=\"wp-block-paragraph\">Putnica aviokompanije Amerikan erlajns uhap\u0161ena je u avionu, na letu iz Nju Orleansa za Dalas, nakon \u0161to je vi\u0161e puta odbila da stavi masku.<\/p>\n\n\n\n<p class=\"wp-block-paragraph\">Incident se dogodio na aerdromu Lui Armstrong. Portparol kompanije rekao je da je let kasnio jer je \u017eena vi\u0161e puta odbila da stavi masku, \u0161to je obavezna epidemiolo\u0161ka mera. Re\u010deno joj je da mora da stavi masku ili da napusti avion, nakon \u010dega ju je policija izvela iz letelice.<\/p>\n\n\n\n<p class=\"wp-block-paragraph\">&#8222;Nisam video nikad ni\u0161ta sli\u010dno&#8220;, rekao je Nju Orleans advokejtu putnik u avionu &#8222;Dvojica te\u0161ko naoru\u017eanih policajaca su do\u0161la i rekla joj da iza\u0111e. Ona je odbila i onda su joj rekli da ustane. Po\u010dela je da vri\u0161ti i da se opire dok su je hapsili i vezivali joj ruke iza le\u0111a. Konstantno je vri\u0161tala deset minuta dok su je privodili, dodao je on.<\/p>\n\n\n\n<p class=\"wp-block-paragraph\">O\u010devidac je rekao da je uporno ponavljala da nije \u017eivotinja i da ne \u017eeli da je tretiraju kao \u017eivotinju.<\/p>\n\n\n\n<p class=\"wp-block-paragraph\">Uhap\u0161ena putnica bi\u0107e optu\u017eena za reme\u0107enje javnog reda i mira, opiranje hap\u0161enju, odbijanju da poslu\u0161a nalog policije i fizi\u010dki napad.<\/p>\n\n\n\n<p class=\"wp-block-paragraph\">Lokalni mediji preneli su da Federalna aviaciona administracija razmatra uvo\u0111enje kazni za putnike koji se nepropisno pona\u0161aju. Nov\u010dane kazne bi mogle da idu i do $21.500.<\/p>\n\n\n\n<p class=\"wp-block-paragraph\">Incident u Nju Orleansu je samo poslednji u nizu opiranja putnika da nose masku i po\u0161tuju druge kovid protokole, prenosi\u00a0\u0160arlot Observer.<\/p>\n\n\n\n<p class=\"wp-block-paragraph\">Pro\u0161le sedmice, \u017eena je snimljena kako vre\u0111a putnike na letu za Dalas nakon \u0161to joj je nare\u0111eno da nosi masku.<\/p>\n\n\n\n<p class=\"wp-block-paragraph\">Sli\u010dan incident dogodio se i na letu za Majami kada je \u017eena psovala stjuardesu koja joj je rekla da stavi masku. Incident je snimljen i objavljen na dru\u0161tvenim mre\u017eama.<\/p>\n\n\n\n<p class=\"wp-block-paragraph\" style=\"font-size:10px\">SOURCE: <a href=\"https:\/\/www.kurir.rs\/planeta\/3736247\/sad-incident-u-avionu-zena-maska\" target=\"_blank\" rel=\"noreferrer noopener\">Courier<\/a> I FOTO: ABC7 NEWS<\/p>\n\n\n\n<p class=\"wp-block-paragraph\"><\/p>","protected":false},"excerpt":{"rendered":"<p>Putnica aviokompanije Amerikan erlajns uhap\u0161ena je u avionu, na letu iz Nju Orleansa za Dalas, nakon \u0161to je vi\u0161e puta odbila da stavi masku. Incident se dogodio na aerdromu Lui Armstrong. Portparol kompanije rekao je da je let kasnio jer je \u017eena vi\u0161e puta odbila da stavi masku, \u0161to je obavezna epidemiolo\u0161ka mera. Re\u010deno joj [&hellip;]<\/p>\n","protected":false},"author":3,"featured_media":0,"comment_status":"","ping_status":"","sticky":false,"template":"","format":"standard","meta":{"wpai_generated_summary":"","footnotes":""},"categories":[368,369],"tags":[4220,18815,60738,60739,1587,53788,1161,53789,60740],"class_list":["post-41202","post","type-post","status-publish","format-standard","hentry","category-vesti-amerika","category-vesti","tag-american-airlines","tag-dallas","tag-epidemioloska-mera","tag-kovid-protokol","tag-new-orleans","tag-odbila-masku","tag-policija","tag-putnica-uhapsena","tag-uhapsena-na-letu"],"_links":{"self":[{"href":"https:\/\/chicagodesavanja.us\/en\/wp-json\/wp\/v2\/posts\/41202","targetHints":{"allow":["GET"]}}],"collection":[{"href":"https:\/\/chicagodesavanja.us\/en\/wp-json\/wp\/v2\/posts"}],"about":[{"href":"https:\/\/chicagodesavanja.us\/en\/wp-json\/wp\/v2\/types\/post"}],"author":[{"embeddable":true,"href":"https:\/\/chicagodesavanja.us\/en\/wp-json\/wp\/v2\/users\/3"}],"replies":[{"embeddable":true,"href":"https:\/\/chicagodesavanja.us\/en\/wp-json\/wp\/v2\/comments?post=41202"}],"version-history":[{"count":0,"href":"https:\/\/chicagodesavanja.us\/en\/wp-json\/wp\/v2\/posts\/41202\/revisions"}],"wp:attachment":[{"href":"https:\/\/chicagodesavanja.us\/en\/wp-json\/wp\/v2\/media?parent=41202"}],"wp:term":[{"taxonomy":"category","embeddable":true,"href":"https:\/\/chicagodesavanja.us\/en\/wp-json\/wp\/v2\/categories?post=41202"},{"taxonomy":"post_tag","embeddable":true,"href":"https:\/\/chicagodesavanja.us\/en\/wp-json\/wp\/v2\/tags?post=41202"}],"curies":[{"name":"WP","href":"https:\/\/api.w.org\/{rel}","templated":true}]}}