{"id":41197,"date":"2021-07-27T04:59:00","date_gmt":"2021-07-27T04:59:00","guid":{"rendered":"https:\/\/chicagodesavanja.us\/roni-dzekson-smatra-da-dzo-bajden-mora-na-pregled\/"},"modified":"2021-07-27T04:59:00","modified_gmt":"2021-07-27T04:59:00","slug":"roni-dzekson-smatra-da-dzo-bajden-mora-na-pregled","status":"publish","type":"post","link":"https:\/\/chicagodesavanja.us\/en\/vesti\/roni-dzekson-smatra-da-dzo-bajden-mora-na-pregled\/","title":{"rendered":"Kongresmen i biv\u0161i lekar Bele ku\u0107e zabrinut zbog predsednika Bajdena: &#8222;On je totalno izgubljen&#8220;"},"content":{"rendered":"<p class=\"wp-block-paragraph\">Kongresmen Roni D\u017eekson, biv\u0161i zvani\u010dni lekar Bele ku\u0107e, rekao je da je &#8222;prepla\u0161en za SAD&#8220;, posle nedavnog katastrofalnog nastupa D\u017eoa Bajdena, i zapitao se javno ima li glavnokomanduju\u0107i ameri\u010dke vojske kognitivni kapacitet da bude na vlasti ceo mandat.<\/p>\n\n\n\n<p class=\"wp-block-paragraph\">&#8211; On je totalno izgubljen! &#8211; tvitnuo je Roni D\u017eekson u subotu, zajedno sa video klipom, u kojem se vidi kako Bajden na veoma \u010dudan na\u010din odgovara na pitanje reportera o budu\u0107nosti finansiranja policije, rekav\u0161i da ga Republikanci optu\u017euju da &#8222;isisava krv iz dece&#8220;.<\/p>\n\n\n\n<p class=\"wp-block-paragraph\">&#8211; Potreban mu je kognitivni pregled odmah &#8211; napisao je D\u017eekson.<\/p>\n\n\n\n<p class=\"wp-block-paragraph\">Bajdenov nastup koji je u sredu uve\u010de prenosio CNN izazvao je salvu ismejavanja na dru\u0161tvenim mre\u017eama: on je u njemu govorio pogre\u0161no o efikasnosti vakcina protiv korone, govorio je o pomaganju deci &#8222;da saznaju da li na Mesecu postoji \u010dovek ili da li su vanzemaljci ovde me\u0111u nama&#8220;, i zbunio publiku sa pominjanjem opskurnih teorija zavere.<\/p>\n\n\n\n<p class=\"wp-block-paragraph\">&#8211; Mislim,&nbsp;ideja da demokrati ili da Bajden skriva ljude i da isisava krv deci i &#8211; ne, ozbiljan sam &#8211; rekao je Bajden i iz publike dobio gomilu za\u010du\u0111enih pogleda.<\/p>\n\n\n\n<p class=\"wp-block-paragraph\">U jednom trenutku predsednik SAD je po\u010deo da mrmlja nepovezano, dok je poku\u0161avao da pri\u010da o procesu odobravanja vakcine.<\/p>\n\n\n\n<p class=\"wp-block-paragraph\">Ranije ovog meseca, Bajden je bio primoran da se oslanja na zabele\u0161ke kad je odgovarao na pitanje novinara u Mi\u010digenu.<\/p>\n\n\n\n<p class=\"wp-block-paragraph\">&#8211; Ovo je sada pitanje nacionalne bezbednosti. Mislim da \u0107e on ili da da ostavku &#8211; ubedi\u0107e ga da se povu\u010de sa mesta predsednika u bliskoj budu\u0107nosti zbog medicinskih razloga, ili \u0107e morati da iskoriste 25. amandman da se otarase ovog \u010doveka &#8211; rekao je D\u017eekson \u0160onu Henitiju.<\/p>\n\n\n\n<p class=\"wp-block-paragraph\">Pro\u0161log meseca je D\u017eekson, koji je slu\u017eio kao li\u010dni lekar i Donalda Trampa i Baraka Obame, zajedno sa desetak republikanskih kongresmena tra\u017eio od Bajdena da se podvrgne kognitivnom testu, kao \u0161to je u\u010dinio Tramp dok je bio u Beloj ku\u0107i &#8211; i da javno objavi rezultate.<\/p>\n\n\n\n<p class=\"wp-block-paragraph\">&#8222;Ameri\u010dki narod zaslu\u017euje punu transparentnost kad je re\u010d o mentalnim kapacitetima njihovog najvi\u0161eg izabranog lidera&#8220;, pisalo je u zahtevu.<\/p>\n\n\n\n<p class=\"wp-block-paragraph\">&#8211; Ja stalno govorim da \u0107e ovo stalno da se pogor\u0161ava. I pogodite \u0161ta: gledamo u\u017eivo da se upravo to doga\u0111a &#8211; rekao je D\u017eekson.<\/p>\n\n\n\n<p class=\"wp-block-paragraph\" style=\"font-size:10px\">SOURCE: <a href=\"https:\/\/www.novosti.rs\/planeta\/svet\/1020510\/preplasen-sam-sad-kongresmen-bivsi-lekar-bele-kuce-brine-predsednika-bajdena\" target=\"_blank\" rel=\"noreferrer noopener\">NEWS <\/a>I FOTO: NYPOST<\/p>","protected":false},"excerpt":{"rendered":"<p>Kongresmen Roni D\u017eekson, biv\u0161i zvani\u010dni lekar Bele ku\u0107e, rekao je da je &#8222;prepla\u0161en za SAD&#8220;, posle nedavnog katastrofalnog nastupa D\u017eoa Bajdena, i zapitao se javno ima li glavnokomanduju\u0107i ameri\u010dke vojske kognitivni kapacitet da bude na vlasti ceo mandat. &#8211; On je totalno izgubljen! &#8211; tvitnuo je Roni D\u017eekson u subotu, zajedno sa video klipom, u [&hellip;]<\/p>\n","protected":false},"author":3,"featured_media":0,"comment_status":"","ping_status":"","sticky":false,"template":"","format":"standard","meta":{"footnotes":""},"categories":[368,369],"tags":[2880,60717,60718,592,60719,42048,60720,16929,55524,60721,60722,60723,33201,20211],"class_list":["post-41197","post","type-post","status-publish","format-standard","hentry","category-vesti-amerika","category-vesti","tag-bela-kuca","tag-bivsi-lekar","tag-finansiranje-policije","tag-joe-biden","tag-kognitivni-pregled","tag-kongresmen","tag-mentalni-kapaciteti","tag-novinari","tag-odobrenje-vakcine","tag-pitanja-novinara","tag-preplasen","tag-ronny-jackson","tag-teorije-zavere","tag-transparentnost"],"_links":{"self":[{"href":"https:\/\/chicagodesavanja.us\/en\/wp-json\/wp\/v2\/posts\/41197","targetHints":{"allow":["GET"]}}],"collection":[{"href":"https:\/\/chicagodesavanja.us\/en\/wp-json\/wp\/v2\/posts"}],"about":[{"href":"https:\/\/chicagodesavanja.us\/en\/wp-json\/wp\/v2\/types\/post"}],"author":[{"embeddable":true,"href":"https:\/\/chicagodesavanja.us\/en\/wp-json\/wp\/v2\/users\/3"}],"replies":[{"embeddable":true,"href":"https:\/\/chicagodesavanja.us\/en\/wp-json\/wp\/v2\/comments?post=41197"}],"version-history":[{"count":0,"href":"https:\/\/chicagodesavanja.us\/en\/wp-json\/wp\/v2\/posts\/41197\/revisions"}],"wp:attachment":[{"href":"https:\/\/chicagodesavanja.us\/en\/wp-json\/wp\/v2\/media?parent=41197"}],"wp:term":[{"taxonomy":"category","embeddable":true,"href":"https:\/\/chicagodesavanja.us\/en\/wp-json\/wp\/v2\/categories?post=41197"},{"taxonomy":"post_tag","embeddable":true,"href":"https:\/\/chicagodesavanja.us\/en\/wp-json\/wp\/v2\/tags?post=41197"}],"curies":[{"name":"WP","href":"https:\/\/api.w.org\/{rel}","templated":true}]}}