{"id":41068,"date":"2021-08-11T01:00:00","date_gmt":"2021-08-11T01:00:00","guid":{"rendered":"https:\/\/chicagodesavanja.us\/nemacka-ukida-besplatne-testove\/"},"modified":"2021-08-11T01:00:00","modified_gmt":"2021-08-11T01:00:00","slug":"nemacka-ukida-besplatne-testove","status":"publish","type":"post","link":"https:\/\/chicagodesavanja.us\/en\/vesti\/nemacka-ukida-besplatne-testove\/","title":{"rendered":"Nema\u010dka ukida besplatne testove kako bi podstakla vakcinaciju"},"content":{"rendered":"<p class=\"wp-block-paragraph\">Nema\u010dka \u0107e od 11. oktobra ukinuti besplatne testove na kovid-19 ne bi li podstakla kampanju vakcinacije koja sporo napreduje, odlu\u010dili su vlada i savezne pokrajine.<\/p>\n\n\n\n<p class=\"wp-block-paragraph\">Od toga dana oni koji se ne \u017eele vakcinisati moraju platiti test kako bi dokazali da su negativni na kovid-19 te mogli i\u0107i u bioskop, restoran ili u sportsku dvoranu.<\/p>\n\n\n\n<p class=\"wp-block-paragraph\">Potvrda o vakcinaciji ili negativan test tra\u017ei\u0107e se \u010dim stopa zara\u017eenosti bude iznosila 35 slu\u010dajeva na 100.000 stanovnika u sedam dana.<\/p>\n\n\n\n<p class=\"wp-block-paragraph\">Testovi \u0107e i ubudu\u0107e biti besplatni za sve koji se iz zdravstvenih razloga ne mogu vakcinisati, trudnice i decu za koju jo\u0161 nema prikladne vakcine, navodi se u tekstu prihva\u0107enom na sednici na kojoj su u\u010destvovali kancelarka Angela Merkel i \u0161esnaest \u010delnika pokrajinskih vlada.<\/p>\n\n\n\n<p class=\"wp-block-paragraph\">Budu\u0107i da Nema\u010dka sada ima dovoljnu koli\u010dinu doza za sve gra\u0111ane, \u201eukinu\u0107emo besplatne testove od 11. oktobra\u201c, obrazlo\u017eila je savezna vlada.<\/p>\n\n\n\n<p class=\"wp-block-paragraph\">Vlada tako\u0111e isti\u010de da se nada da \u0107e \u201estopa vakcinisanosti ponovo primetno porasti\u201c, oceniv\u0161i da su \u201esvi odgovorni\u201c za podsticanje vakcinacije.<\/p>\n\n\n\n<p class=\"wp-block-paragraph\">Po\u0161to se na vrhuncu kampanje vakcinisalo vi\u0161e od milion ljudi na dan, tokom letnih praznika ritam vakcinacije se drasti\u010dno usporio u najve\u0107oj evropskoj privredi.<\/p>\n\n\n\n<p class=\"wp-block-paragraph\">Oko 52 miliona ljudi u Nema\u010dkoj primilo je barem jednu dozu vakcine, ili 62,5 odsto stanovni\u0161tva. Oko 55 odsto je potpuno vakcinisano, pokazuju novi podaci Instituta za javno zdravstvo Roberta Koha.<\/p>\n\n\n\n<p class=\"wp-block-paragraph\">Poslednjih nedelja u zemlji se zao\u0161trava rasprava o tome kako nagovoriti one koji se ne \u017eele vakcinisati, a da se vakcinacija ne proglasi obaveznom.<\/p>\n\n\n\n<p class=\"wp-block-paragraph\"><\/p>\n\n\n\n<p class=\"wp-block-paragraph\" style=\"font-size:10px\">SOURCE: <a href=\"https:\/\/rs.n1info.com\/svet\/nemacka-ukida-besplatne-testove-kako-bi-podstakla-vakcinaciju\/\" target=\"_blank\" rel=\"noopener\">N1<\/a> I FOTO: REUTERS<\/p>","protected":false},"excerpt":{"rendered":"<p>Nema\u010dka \u0107e od 11. oktobra ukinuti besplatne testove na kovid-19 ne bi li podstakla kampanju vakcinacije koja sporo napreduje, odlu\u010dili su vlada i savezne pokrajine. Od toga dana oni koji se ne \u017eele vakcinisati moraju platiti test kako bi dokazali da su negativni na kovid-19 te mogli i\u0107i u bioskop, restoran ili u sportsku dvoranu. [&hellip;]<\/p>\n","protected":false},"author":4,"featured_media":0,"comment_status":"","ping_status":"","sticky":false,"template":"","format":"standard","meta":{"footnotes":""},"categories":[431,369],"tags":[14058,44242,376,535,48859,48860,16932],"class_list":["post-41068","post","type-post","status-publish","format-standard","hentry","category-svet","category-vesti","tag-angela-merkel","tag-besplatni-testovi","tag-koronavirus","tag-nemacka","tag-pcr-testovi","tag-testovi-na-covid-19","tag-vakcinacija"],"_links":{"self":[{"href":"https:\/\/chicagodesavanja.us\/en\/wp-json\/wp\/v2\/posts\/41068","targetHints":{"allow":["GET"]}}],"collection":[{"href":"https:\/\/chicagodesavanja.us\/en\/wp-json\/wp\/v2\/posts"}],"about":[{"href":"https:\/\/chicagodesavanja.us\/en\/wp-json\/wp\/v2\/types\/post"}],"author":[{"embeddable":true,"href":"https:\/\/chicagodesavanja.us\/en\/wp-json\/wp\/v2\/users\/4"}],"replies":[{"embeddable":true,"href":"https:\/\/chicagodesavanja.us\/en\/wp-json\/wp\/v2\/comments?post=41068"}],"version-history":[{"count":0,"href":"https:\/\/chicagodesavanja.us\/en\/wp-json\/wp\/v2\/posts\/41068\/revisions"}],"wp:attachment":[{"href":"https:\/\/chicagodesavanja.us\/en\/wp-json\/wp\/v2\/media?parent=41068"}],"wp:term":[{"taxonomy":"category","embeddable":true,"href":"https:\/\/chicagodesavanja.us\/en\/wp-json\/wp\/v2\/categories?post=41068"},{"taxonomy":"post_tag","embeddable":true,"href":"https:\/\/chicagodesavanja.us\/en\/wp-json\/wp\/v2\/tags?post=41068"}],"curies":[{"name":"WP","href":"https:\/\/api.w.org\/{rel}","templated":true}]}}