{"id":41047,"date":"2021-08-13T03:31:00","date_gmt":"2021-08-13T03:31:00","guid":{"rendered":"https:\/\/chicagodesavanja.us\/zakljucavanje-glavnog-grada-australije-canberre-do-kraja-godine\/"},"modified":"2021-08-13T03:31:00","modified_gmt":"2021-08-13T03:31:00","slug":"zakljucavanje-glavnog-grada-australije-canberre-do-kraja-godine","status":"publish","type":"post","link":"https:\/\/chicagodesavanja.us\/en\/vesti\/zakljucavanje-glavnog-grada-australije-canberre-do-kraja-godine\/","title":{"rendered":"Zaklju\u010davanje glavnog grada Australije sve dok traje virus"},"content":{"rendered":"<p class=\"wp-block-paragraph\">Zaklju\u010davanje glavnog \u00a0grada Australije Canberre traja\u0107e sve dok u gradu vi\u0161e ne bude zara\u017eenih korona virusom, rekao je predsednik vlade.<\/p>\n\n\n\n<p class=\"wp-block-paragraph\">Teritorija glavnog grada Australije, koja se sastoji od Canberre i dva sela, zatvorena je nedelju dana nakon jednog novootkrivenog slu\u010daja.<\/p>\n\n\n\n<p class=\"wp-block-paragraph\">Broj zara\u017eenih slede\u0107eg dana je porastao na \u0161est, pri \u010demu je za vi\u0161e od 1.800 ljudi utvr\u0111eno da su bili u bliskom kontaktu sa nosiocem virusa, rekli su zvani\u010dnici.<\/p>\n\n\n\n<p class=\"wp-block-paragraph\">Gradona\u010delnik australijske prestonice Andrew Barr rekao je da \u0107e karantin trajati sve dok svi novi slu\u010dajevi ne budu u izolaciji tokom \u010ditavog zaraznog perioda.<\/p>\n\n\n\n<p class=\"wp-block-paragraph\">Zaklju\u010davanje glavnog &nbsp;grada Australije Canberre traja\u0107e sve dok u gradu vi\u0161e ne bude zara\u017eenih korona virusom, rekao je Barr i dodao da ne \u017eelimo da vidimo dodatni prenos u zajednici, I da \u017eelimo da se grad vrati na nulu.<\/p>\n\n\n\n<p class=\"wp-block-paragraph\">Nedavne infekcije prvi su slu\u010dajevi prenosa u zajednici u gradu sa 460.000 stanovnika od 10. jula pro\u0161le godine.<\/p>\n\n\n\n<p class=\"wp-block-paragraph\">Zaklju\u010davanje glavnog grada Australije va\u017ei\u0107e sve dok traje virus, a vlada najmnogoljudnije australijske dr\u017eave prijavila je u petak dnevni rekord od 390 novih lokalno zara\u017eenih korona virusom i upozorila da \u0107e se visoka stopa infekcije nastaviti I u narednim danima.<\/p>\n\n\n\n<p class=\"wp-block-paragraph\">Dve osobe su umrle preko no\u0107i, \u0161to je dovelo do broja smrtnih slu\u010dajeva u Novom Ju\u017enom Velsu zbog izbijanja varijante delte koja je prvi put otkrivena u Sidneju sredinom juna na 38.<\/p>\n\n\n\n<p class=\"wp-block-paragraph\">Premijerka Novog Ju\u017enog Velsa Gladys Berejiklian rekla je da je najmanje 60 novih slu\u010dajeva bilo zarazno u zajednici pre nego \u0161to su izolovani.<\/p>\n\n\n\n<p class=\"wp-block-paragraph\">\u201eO\u010dekujem, s obzirom na veliki broj slu\u010dajeva koje smo imali u poslednjih nekoliko dana, da \u0107e se na\u017ealost ovaj trend nastaviti bar narednih nekoliko dana\u201c, rekla je Berejiklian.<\/p>\n\n\n\n<p class=\"wp-block-paragraph\">Gladys Berejiklian &nbsp;je rekla da ne\u0107e be\u017eati od \u010dinjenice da je pove\u0107anje broja slu\u010dajeva u\u017easna situacija i da niko ne \u017eeli da budemo u njoj. \u201cAli, budite sigurni da je na\u0161a apsolutna posve\u0107enost da smanjimo taj broj slu\u010dajeva dok pove\u0107avamo stopu vakcinacije\u201d.<\/p>\n\n\n\n<p class=\"wp-block-paragraph\">Sidnej je u blokadi od 26. juna, a vlada se nadala da \u0107e \u0161irenje biti zaustavljeno do 28. avgusta.<\/p>\n\n\n\n<p class=\"wp-block-paragraph\" style=\"font-size:10px\">SOURCE: <a href=\"https:\/\/apnews.com\/article\/canada-business-health-australia-coronavirus-pandemic-460afab866006f92ebd1e3916b024246\" target=\"_blank\" rel=\"noreferrer noopener\">APNEWS<\/a> I FOTO: APNEWS <\/p>","protected":false},"excerpt":{"rendered":"<p>Zaklju\u010davanje glavnog \u00a0grada Australije Canberre traja\u0107e sve dok u gradu vi\u0161e ne bude zara\u017eenih korona virusom, rekao je predsednik vlade. Teritorija glavnog grada Australije, koja se sastoji od Canberre i dva sela, zatvorena je nedelju dana nakon jednog novootkrivenog slu\u010daja. Broj zara\u017eenih slede\u0107eg dana je porastao na \u0161est, pri \u010demu je za vi\u0161e od 1.800 [&hellip;]<\/p>\n","protected":false},"author":3,"featured_media":0,"comment_status":"","ping_status":"","sticky":false,"template":"","format":"standard","meta":{"footnotes":""},"categories":[431,369],"tags":[13594,60189,49196,460,46913,60190,59054],"class_list":["post-41047","post","type-post","status-publish","format-standard","hentry","category-svet","category-vesti","tag-australija","tag-broj-novoinficiranih","tag-kanbera","tag-karantin","tag-korona-virus","tag-novooboleli","tag-zakljucavanje-2"],"_links":{"self":[{"href":"https:\/\/chicagodesavanja.us\/en\/wp-json\/wp\/v2\/posts\/41047","targetHints":{"allow":["GET"]}}],"collection":[{"href":"https:\/\/chicagodesavanja.us\/en\/wp-json\/wp\/v2\/posts"}],"about":[{"href":"https:\/\/chicagodesavanja.us\/en\/wp-json\/wp\/v2\/types\/post"}],"author":[{"embeddable":true,"href":"https:\/\/chicagodesavanja.us\/en\/wp-json\/wp\/v2\/users\/3"}],"replies":[{"embeddable":true,"href":"https:\/\/chicagodesavanja.us\/en\/wp-json\/wp\/v2\/comments?post=41047"}],"version-history":[{"count":0,"href":"https:\/\/chicagodesavanja.us\/en\/wp-json\/wp\/v2\/posts\/41047\/revisions"}],"wp:attachment":[{"href":"https:\/\/chicagodesavanja.us\/en\/wp-json\/wp\/v2\/media?parent=41047"}],"wp:term":[{"taxonomy":"category","embeddable":true,"href":"https:\/\/chicagodesavanja.us\/en\/wp-json\/wp\/v2\/categories?post=41047"},{"taxonomy":"post_tag","embeddable":true,"href":"https:\/\/chicagodesavanja.us\/en\/wp-json\/wp\/v2\/tags?post=41047"}],"curies":[{"name":"WP","href":"https:\/\/api.w.org\/{rel}","templated":true}]}}