{"id":41045,"date":"2021-08-13T04:15:00","date_gmt":"2021-08-13T04:15:00","guid":{"rendered":"https:\/\/chicagodesavanja.us\/kalifornija-ce-traziti-da-nastavnici-budu-vakcinisani-ili-da-se-testiraju-jednom-nedeljno\/"},"modified":"2021-08-13T04:15:00","modified_gmt":"2021-08-13T04:15:00","slug":"kalifornija-ce-traziti-da-nastavnici-budu-vakcinisani-ili-da-se-testiraju-jednom-nedeljno","status":"publish","type":"post","link":"https:\/\/chicagodesavanja.us\/en\/vesti\/kalifornija-ce-traziti-da-nastavnici-budu-vakcinisani-ili-da-se-testiraju-jednom-nedeljno\/","title":{"rendered":"Kalifornija tra\u017ei od nastavnika i zaposlenih u \u0161kolama da budu vakcinisani"},"content":{"rendered":"<p class=\"wp-block-paragraph\">Kalifornija \u0107e od svih nastavnika i drugih zaposlenih u \u0161kolama tra\u017eiti da budu vakcinisani, a ako to ne \u017eele, mora\u0107e svake nedelje da se testiraju na Kovid 19, objavio je guverner\u00a0Gevin Njusom. Nijedna ameri\u010dka dr\u017eava do sada nije donela takav propis.<\/p>\n\n\n\n<p class=\"wp-block-paragraph\">&#8222;Mislimo da je to ispravno i da \u0107emo tako mo\u0107i da odr\u017eimo \u0161kole otvorenim i smanjimo zabrinutost roditelja koja, poput mene, imaju malu decu koja ne smeju da se vakcini\u0161u&#8220;, rekao je Njusom koji, ina\u010de, ide na izbore.<\/p>\n\n\n\n<p class=\"wp-block-paragraph\">Neke \u0161kole u Kaliforniji su ve\u0107 donele takve propise i pre Njusomovog propisa.<\/p>\n\n\n\n<p class=\"wp-block-paragraph\">Guverner Kalifornije je tako\u0111e nedavno propisao da zdravstveni radnici moraju da se vakcini\u0161u i za razliku od zaposlenih u prosveti, nemaju opciju da se redovno testiraju. Zaposleni u dr\u017eavnim slu\u017ebama moraju da se vakcini\u0161u ili redovno testiraju.<\/p>\n\n\n\n<p class=\"wp-block-paragraph\">U Teksasu su sudovi dozvolili lokalnim zvani\u010dnicima da propi\u0161u obavezno no\u0161enje maski u javnim prostorima, \u0161kolama- uprkos protivljenju republikanskog guvernera te dr\u017eave\u00a0Grega Abota.\u00a0Javne \u0161kole u Dalasu i Ostinu su uvele obavezno no\u0161enje maski.<\/p>\n\n\n\n<p class=\"wp-block-paragraph\">\u0160kole u jednom od najve\u0107ih okruga na Floridi, Brauardu, donele su odluku da se nastavi sa obaveznim no\u0161enjem maski, uprkos protivljenju republikanskog guvernera\u00a0Rona DeSantisa.<strong>\u00a0<\/strong><a href=\"https:\/\/chicagodesavanja.us\/en\/vesti\/guverner-floride-maske-u-skolama-kazne\/\" target=\"_blank\" rel=\"noreferrer noopener\">On je \u010dak pretio da \u0107e ukinuti finansiranje nekim \u0161kolama \u010diji se direktori usprotive njegovom nare\u0111enju<\/a> &#8211; da se no\u0161enje maski ne sme nametati.<\/p>\n\n\n\n<p class=\"wp-block-paragraph\">Guvernerka Oregona\u00a0Kejt Braun<strong>\u00a0<\/strong>izdala je nare\u0111enje da svi ponovo treba da nose maske u zatvorenom prostoru, bez obzira na to da li su vakcinisani.<\/p>\n\n\n\n<p class=\"wp-block-paragraph\">Guverner Havaja\u00a0Dejvid Ajg\u00a0propisao je da barovi, restorani, teretane mogu da popune samo 50 odsto kapaciteta, kao i na okupljanjima mo\u017ee biti maksimalno 10 ljudi unutra i 25 napolju.<\/p>\n\n\n\n<p class=\"wp-block-paragraph\" style=\"font-size:10px\">SOURCE: <a href=\"https:\/\/www.glasamerike.net\/a\/kalifornija-tra%C5%BEi-od-nastavnika-i-%C5%A1kolskog-osoblja-da-se-vakcini%C5%A1u\/5999890.html\" target=\"_blank\" rel=\"noreferrer noopener\">VOA<\/a> I FOTO: THE GUARDIAN<\/p>","protected":false},"excerpt":{"rendered":"<p>Kalifornija \u0107e od svih nastavnika i drugih zaposlenih u \u0161kolama tra\u017eiti da budu vakcinisani, a ako to ne \u017eele, mora\u0107e svake nedelje da se testiraju na Kovid 19, objavio je guverner\u00a0Gevin Njusom. Nijedna ameri\u010dka dr\u017eava do sada nije donela takav propis. &#8222;Mislimo da je to ispravno i da \u0107emo tako mo\u0107i da odr\u017eimo \u0161kole otvorenim [&hellip;]<\/p>\n","protected":false},"author":3,"featured_media":0,"comment_status":"","ping_status":"","sticky":false,"template":"","format":"standard","meta":{"footnotes":""},"categories":[368,369],"tags":[538,383,8628,25242,5193,21958,41683,2282,16932,59207],"class_list":["post-41045","post","type-post","status-publish","format-standard","hentry","category-vesti-amerika","category-vesti","tag-amerika","tag-covid-19","tag-gavin-newsom","tag-guverner-kalifornije","tag-kalifornija","tag-nastavnici","tag-pandemija-koronavirusa","tag-testiranje","tag-vakcinacija","tag-zaposleni-u-skolama-2"],"_links":{"self":[{"href":"https:\/\/chicagodesavanja.us\/en\/wp-json\/wp\/v2\/posts\/41045","targetHints":{"allow":["GET"]}}],"collection":[{"href":"https:\/\/chicagodesavanja.us\/en\/wp-json\/wp\/v2\/posts"}],"about":[{"href":"https:\/\/chicagodesavanja.us\/en\/wp-json\/wp\/v2\/types\/post"}],"author":[{"embeddable":true,"href":"https:\/\/chicagodesavanja.us\/en\/wp-json\/wp\/v2\/users\/3"}],"replies":[{"embeddable":true,"href":"https:\/\/chicagodesavanja.us\/en\/wp-json\/wp\/v2\/comments?post=41045"}],"version-history":[{"count":0,"href":"https:\/\/chicagodesavanja.us\/en\/wp-json\/wp\/v2\/posts\/41045\/revisions"}],"wp:attachment":[{"href":"https:\/\/chicagodesavanja.us\/en\/wp-json\/wp\/v2\/media?parent=41045"}],"wp:term":[{"taxonomy":"category","embeddable":true,"href":"https:\/\/chicagodesavanja.us\/en\/wp-json\/wp\/v2\/categories?post=41045"},{"taxonomy":"post_tag","embeddable":true,"href":"https:\/\/chicagodesavanja.us\/en\/wp-json\/wp\/v2\/tags?post=41045"}],"curies":[{"name":"WP","href":"https:\/\/api.w.org\/{rel}","templated":true}]}}