{"id":40980,"date":"2021-08-21T05:20:00","date_gmt":"2021-08-21T05:20:00","guid":{"rendered":"https:\/\/chicagodesavanja.us\/njujork-koncertom-slavi-povratak-u-zivot-medu-izvodacima-springstin-boceli\/"},"modified":"2021-08-21T05:20:00","modified_gmt":"2021-08-21T05:20:00","slug":"njujork-koncertom-slavi-povratak-u-zivot-medu-izvodacima-springstin-boceli","status":"publish","type":"post","link":"https:\/\/chicagodesavanja.us\/en\/vesti\/njujork-koncertom-slavi-povratak-u-zivot-medu-izvodacima-springstin-boceli\/","title":{"rendered":"Njujork koncertom slavi povratak u \u017eivot, me\u0111u izvo\u0111a\u010dima Springstin, Bo\u010deli\u2026"},"content":{"rendered":"<p class=\"wp-block-paragraph\">Njujork \u0107e besplatnim koncertom u Central Parku u subotu 21.avgusta proslaviti svoj izlazak iz najte\u017eeg perioda u pandemiji koronavirusa.\u00a0<\/p>\n\n\n\n<p class=\"wp-block-paragraph\">\u201ePonovo otvaramo Njujork ostatku sveta, a muzika \u0107e biti katalizator\u201c, rekao je producent Klajv Dejvis, koji je osmislio doga\u0111aj s promoterima kompanije Live Nation.<\/p>\n\n\n\n<figure class=\"wp-block-image size-large\"><img decoding=\"async\" src=\"https:\/\/aktuelnosti.us\/wp-content\/uploads\/2021\/08\/WeLoveNY_FB_Lineup_1200x628-1024x536.jpg\" alt=\"\" class=\"wp-image-47647\" \/><figcaption> Njujork \u0107e koncertom u Central Parku u subotu 21.avgusta proslaviti svoj izlazak iz najte\u017eeg perioda koronavirusa<\/figcaption><\/figure>\n\n\n\n<p class=\"wp-block-paragraph\">\u201eWe Love NYC: The Homecoming Concert\u201c sadr\u017ei muzi\u010dku postavu od klasike do repa, a me\u0111u izvo\u0111a\u010dima su Brus Springstin, Beri Manilou, Andrea Bo\u010deli, Killers, Peti Smit, Pol Sajmon i njujor\u0161ka filharmonija.<\/p>\n\n\n\n<p class=\"wp-block-paragraph\">Koncert podr\u017eava gradona\u010delnik Bil de Blazio, a njime namerava da proslavi otpornost Njujorka, jednog od najte\u017ee pogo\u0111enih ameri\u010dkih gradova na po\u010detku pandemije u junu 2020.<\/p>\n\n\n\n<p class=\"wp-block-paragraph\">\u201eOvo je proslava na\u0161eg grada, svake radni\u010dke porodice koja se suo\u010dila sa neverovatnim izazovima pro\u0161le godine i savladala ih\u201c, rekao je De Blazio.<\/p>\n\n\n\n<p class=\"wp-block-paragraph\">O\u010dekuje se da \u0107e koncert privu\u0107i oko 60.000 ljudi, a prenosi\u0107e se i u\u017eivo na CNN.<\/p>\n\n\n\n<p class=\"wp-block-paragraph\">Za ulazak na koncert potrebna je potvrda o barem jednoj primljenoj dozi vakcine ili negativan test na koronavirus.<\/p>\n\n\n\n<p class=\"wp-block-paragraph\">Ameri\u010dka savezna dr\u017eava Njujork po\u010dela je sa ukidanjem mera ograni\u010denja koje su donete u borbi protiv koronavirusa, sredinom juna, nakon \u0161to je vi\u0161e od 70 odsto odraslih stanovnika primilo najmanje jednu dozu vakcine, izjavio je guverner Endrju Kuomo.<\/p>\n\n\n\n<p class=\"wp-block-paragraph\">Endrju Kuomo izjavio je da je vakcinacija stanovni\u0161ta bio nacionalni zadatak koji su ostvarili pre planiranog roka.<\/p>\n\n\n\n<p class=\"wp-block-paragraph\" style=\"font-size:10px\">SOURCE: <a href=\"https:\/\/rs.n1info.com\/showbiz\/njujork-koncertom-slavi-povratak-u-zivot-medju-izvodjacima-springstin-boceli\/\" target=\"_blank\" rel=\"noreferrer noopener\">N1<\/a> PHOTO: PIXABAY<\/p>","protected":false},"excerpt":{"rendered":"<p>Njujork \u0107e besplatnim koncertom u Central Parku u subotu 21.avgusta proslaviti svoj izlazak iz najte\u017eeg perioda u pandemiji koronavirusa.\u00a0 \u201ePonovo otvaramo Njujork ostatku sveta, a muzika \u0107e biti katalizator\u201c, rekao je producent Klajv Dejvis, koji je osmislio doga\u0111aj s promoterima kompanije Live Nation. \u201eWe Love NYC: The Homecoming Concert\u201c sadr\u017ei muzi\u010dku postavu od klasike do [&hellip;]<\/p>\n","protected":false},"author":3,"featured_media":0,"comment_status":"","ping_status":"","sticky":false,"template":"","format":"standard","meta":{"wpai_generated_summary":"","footnotes":""},"categories":[368,369],"tags":[56099,37286,9009,2320,59955,59956,59957,59958,59959,59960],"class_list":["post-40980","post","type-post","status-publish","format-standard","hentry","category-vesti-amerika","category-vesti","tag-bil-de-blazio","tag-central-park","tag-koncert","tag-live-nation","tag-new-york-city-is-back","tag-potvrda-o-vakcini","tag-proslava-grada","tag-the-homecoming-concert","tag-ulaz-na-koncert","tag-we-love-nyc"],"_links":{"self":[{"href":"https:\/\/chicagodesavanja.us\/en\/wp-json\/wp\/v2\/posts\/40980","targetHints":{"allow":["GET"]}}],"collection":[{"href":"https:\/\/chicagodesavanja.us\/en\/wp-json\/wp\/v2\/posts"}],"about":[{"href":"https:\/\/chicagodesavanja.us\/en\/wp-json\/wp\/v2\/types\/post"}],"author":[{"embeddable":true,"href":"https:\/\/chicagodesavanja.us\/en\/wp-json\/wp\/v2\/users\/3"}],"replies":[{"embeddable":true,"href":"https:\/\/chicagodesavanja.us\/en\/wp-json\/wp\/v2\/comments?post=40980"}],"version-history":[{"count":0,"href":"https:\/\/chicagodesavanja.us\/en\/wp-json\/wp\/v2\/posts\/40980\/revisions"}],"wp:attachment":[{"href":"https:\/\/chicagodesavanja.us\/en\/wp-json\/wp\/v2\/media?parent=40980"}],"wp:term":[{"taxonomy":"category","embeddable":true,"href":"https:\/\/chicagodesavanja.us\/en\/wp-json\/wp\/v2\/categories?post=40980"},{"taxonomy":"post_tag","embeddable":true,"href":"https:\/\/chicagodesavanja.us\/en\/wp-json\/wp\/v2\/tags?post=40980"}],"curies":[{"name":"WP","href":"https:\/\/api.w.org\/{rel}","templated":true}]}}