{"id":40865,"date":"2022-02-18T10:18:00","date_gmt":"2022-02-18T10:18:00","guid":{"rendered":"https:\/\/chicagodesavanja.us\/sofija-hirau-je-prvi-model-kompanije-victorias-secret-sa-daunovim-sindromom\/"},"modified":"2022-02-18T10:18:00","modified_gmt":"2022-02-18T10:18:00","slug":"sofija-hirau-je-prvi-model-kompanije-victorias-secret-sa-daunovim-sindromom","status":"publish","type":"post","link":"https:\/\/chicagodesavanja.us\/en\/vesti\/sofija-hirau-je-prvi-model-kompanije-victorias-secret-sa-daunovim-sindromom\/","title":{"rendered":"Upoznajte Sofiju, prvog Victoria\u2019s Secret modela sa Daunovim sindromom"},"content":{"rendered":"<p class=\"wp-block-paragraph\">Sofija Hirau iz Portorika je u\u0161la u istoriju kao prvi model kompanije Victoria&#8217;s Secret sa Daunovim sindromom.&nbsp;<\/p>\n\n\n\n<p class=\"wp-block-paragraph\">Kako prenosi NBC, ona sa jo\u0161 17 \u017eena u\u010destvuje u novoj marketin\u0161koj kampanji ovog svetski poznatog brenda.&nbsp;<\/p>\n\n\n\n<p class=\"wp-block-paragraph\">\u201eHvala kompaniji Victoria\u2019s Secret \u0161to me prepoznala kao modela koji nema ograni\u010denja i \u0161to me u\u010dinila delom inkluzivne Love Cloud Collection kampanje. Nema ograni\u010denja, ni spolja ni iznutra!\u201c, poru\u010dila je Hirau na Instagramu.&nbsp;<\/p>\n\n\n\n<p class=\"wp-block-paragraph\">Ona se pridru\u017eila kompaniji u trenutku kada se u Victoria&#8217;s Secret distanciraju od stereotipnih modela i kada \u017eele da poru\u010de da su dostupni apsolutno svim \u017eenama.&nbsp;<\/p>\n\n\n\n<p class=\"wp-block-paragraph\">&#8222;Nekada sam sanjala o tome, radila da se to ostvari i desilo se. Napokon mogu da vam otkrijem veliku tajnu &#8211; ja sam prvi Victoria&#8217;s Secret model sa Daunovim sindromom!&#8220;, zaklju\u010dila je Portorikanka.&nbsp;<\/p>\n\n\n\n<p class=\"wp-block-paragraph\" style=\"font-size:10px\">SOURCE:<a href=\"https:\/\/rs.n1info.com\/lifestyle\/upoznajte-sofiju-prvog-victorias-secret-modela-sa-daunovim-sindromom\/\" target=\"_blank\" rel=\"noreferrer noopener\"> N1<\/a> PHOTO: SCREENSHOT<\/p>","protected":false},"excerpt":{"rendered":"<p>Sofija Hirau iz Portorika je u\u0161la u istoriju kao prvi model kompanije Victoria&#8217;s Secret sa Daunovim sindromom.&nbsp; Kako prenosi NBC, ona sa jo\u0161 17 \u017eena u\u010destvuje u novoj marketin\u0161koj kampanji ovog svetski poznatog brenda.&nbsp; \u201eHvala kompaniji Victoria\u2019s Secret \u0161to me prepoznala kao modela koji nema ograni\u010denja i \u0161to me u\u010dinila delom inkluzivne Love Cloud Collection [&hellip;]<\/p>\n","protected":false},"author":3,"featured_media":0,"comment_status":"","ping_status":"","sticky":false,"template":"","format":"standard","meta":{"footnotes":""},"categories":[438],"tags":[43589,59747,793,10865,570,59748,59749,4202],"class_list":["post-40865","post","type-post","status-publish","format-standard","hentry","category-lifestyle","tag-brend","tag-daunov-sindrom","tag-instagram","tag-istorija","tag-lifestyle","tag-love-cloud-collection","tag-sofija-hirau","tag-victorias-secret"],"_links":{"self":[{"href":"https:\/\/chicagodesavanja.us\/en\/wp-json\/wp\/v2\/posts\/40865","targetHints":{"allow":["GET"]}}],"collection":[{"href":"https:\/\/chicagodesavanja.us\/en\/wp-json\/wp\/v2\/posts"}],"about":[{"href":"https:\/\/chicagodesavanja.us\/en\/wp-json\/wp\/v2\/types\/post"}],"author":[{"embeddable":true,"href":"https:\/\/chicagodesavanja.us\/en\/wp-json\/wp\/v2\/users\/3"}],"replies":[{"embeddable":true,"href":"https:\/\/chicagodesavanja.us\/en\/wp-json\/wp\/v2\/comments?post=40865"}],"version-history":[{"count":0,"href":"https:\/\/chicagodesavanja.us\/en\/wp-json\/wp\/v2\/posts\/40865\/revisions"}],"wp:attachment":[{"href":"https:\/\/chicagodesavanja.us\/en\/wp-json\/wp\/v2\/media?parent=40865"}],"wp:term":[{"taxonomy":"category","embeddable":true,"href":"https:\/\/chicagodesavanja.us\/en\/wp-json\/wp\/v2\/categories?post=40865"},{"taxonomy":"post_tag","embeddable":true,"href":"https:\/\/chicagodesavanja.us\/en\/wp-json\/wp\/v2\/tags?post=40865"}],"curies":[{"name":"WP","href":"https:\/\/api.w.org\/{rel}","templated":true}]}}