{"id":40754,"date":"2022-02-27T06:10:00","date_gmt":"2022-02-27T06:10:00","guid":{"rendered":"https:\/\/chicagodesavanja.us\/ukrajinci-zaposleni-u-americkoj-ambasadi-u-kijevu-kazu-da-se-osecaju-napusteno-od-americke-vlade\/"},"modified":"2022-02-27T06:10:00","modified_gmt":"2022-02-27T06:10:00","slug":"ukrajinci-zaposleni-u-americkoj-ambasadi-u-kijevu-kazu-da-se-osecaju-napusteno-od-americke-vlade","status":"publish","type":"post","link":"https:\/\/chicagodesavanja.us\/en\/vesti\/ukrajinci-zaposleni-u-americkoj-ambasadi-u-kijevu-kazu-da-se-osecaju-napusteno-od-americke-vlade\/","title":{"rendered":"Amerikanci ostavili Ukrajince na cedilu: Osoblje ambasade poru\u010dilo da ih je Va\u0161ington izdao"},"content":{"rendered":"<p class=\"wp-block-paragraph\">Ukrajinci zaposleni u ameri\u010dkoj ambasadi u Kijevu ka\u017eu da se ose\u0107aju napu\u0161teno od ameri\u010dke vlade i da nemaju ni podr\u0161ku ni sredstva za bekstvo iz Ukrajine.<\/p>\n\n\n\n<p class=\"wp-block-paragraph\">Ukrajinsko osoblje poslalo je pismo zvani\u010dnicima Stejt departmenta mole\u0107i za pomo\u0107, uklju\u010duju\u0107i evakuaciju iz zona borbenih dejstava, preseljenje, vize za Sjedinjene Ameri\u010dke Dr\u017eave i jasne linije komunikacije sa Stejt departmentom u Va\u0161ingtonu, po\u0161to se borbe intenziviraju \u0161irom Ukrajine.<\/p>\n\n\n\n<p class=\"wp-block-paragraph\">U pismu se izra\u017eava zabrinutost Ukrajinaca da ne pro\u0111u kao slu\u017ebenici koji su radili za ameri\u010dku vladu u Avganistanu, a kasnije su napu\u0161teni po\u0161to su talibanske snage preuzele kontrolu nad zemljom usred povla\u010denja SAD krajem pro\u0161le godine.<\/p>\n\n\n\n<p class=\"wp-block-paragraph\">Veliki broj lokalnog ukrajinskog osoblja, od kojih su neki decenijama slu\u017eili u ameri\u010dkoj ambasadi, pozvali su Stejt department da pru\u017ei pomo\u0107 za takozvane specijalne imigrantske vize koje bi im omogu\u0107ile da se bezbedno presele u Sjedinjene Dr\u017eave.<\/p>\n\n\n\n<p class=\"wp-block-paragraph\">&#8211; Ranije nam je re\u010deno da Ukrajina nije Avganistan. Ne \u017eelimo da bude, ali ako je razlika u veli\u010dini bombi koje lete iznad na\u0161ih glava, to nije fer &#8211; napisali su lokalni slu\u017ebenici u pismu, koje je u \u010detvrtak privatno poslato grupi zvani\u010dnika Stejt departmenta u Evropi i Va\u0161ingtonu.<\/p>\n\n\n\n<p class=\"wp-block-paragraph\">&#8211; Dve decenije smo radili rame uz rame sa vama i uvek smo imali jaku veru u posao koji je radila ameri\u010dka vlada. Sada nam je potrebna va\u0161a pomo\u0107. Ovo nije vreme za \u010dekanje i istra\u017eivanje. Vreme je za akciju. Va\u0161i postupci mogu spasiti na\u0161e \u017eivote \u2013 dodaje se u pismu.<\/p>\n\n\n\n<p class=\"wp-block-paragraph\" style=\"font-size:10px\">SOURCE:<a href=\"https:\/\/24sedam.rs\/svet\/vesti\/115012\/amerikanci-ostavili-ukrajince-na-cedilu-kao-i-avganistance-osoblje-ambasade-porucilo-da-ih-je-vasington-izdao\/vest\" target=\"_blank\" rel=\"noreferrer noopener\"> 24SEDAM<\/a> PHOTO: SCREENSHOT<\/p>","protected":false},"excerpt":{"rendered":"<p>Ukrajinci zaposleni u ameri\u010dkoj ambasadi u Kijevu ka\u017eu da se ose\u0107aju napu\u0161teno od ameri\u010dke vlade i da nemaju ni podr\u0161ku ni sredstva za bekstvo iz Ukrajine. Ukrajinsko osoblje poslalo je pismo zvani\u010dnicima Stejt departmenta mole\u0107i za pomo\u0107, uklju\u010duju\u0107i evakuaciju iz zona borbenih dejstava, preseljenje, vize za Sjedinjene Ameri\u010dke Dr\u017eave i jasne linije komunikacije sa Stejt [&hellip;]<\/p>\n","protected":false},"author":3,"featured_media":0,"comment_status":"","ping_status":"","sticky":false,"template":"","format":"standard","meta":{"wpai_generated_summary":"","footnotes":""},"categories":[368,369],"tags":[19370,3601,538,59568,1482,1154,21403,1037,46823],"class_list":["post-40754","post","type-post","status-publish","format-standard","hentry","category-vesti-amerika","category-vesti","tag-americka-ambasada","tag-americka-vlada","tag-amerika","tag-bektstvo","tag-kijev","tag-rat","tag-stejt-department","tag-ukrajina","tag-ukrajinci"],"_links":{"self":[{"href":"https:\/\/chicagodesavanja.us\/en\/wp-json\/wp\/v2\/posts\/40754","targetHints":{"allow":["GET"]}}],"collection":[{"href":"https:\/\/chicagodesavanja.us\/en\/wp-json\/wp\/v2\/posts"}],"about":[{"href":"https:\/\/chicagodesavanja.us\/en\/wp-json\/wp\/v2\/types\/post"}],"author":[{"embeddable":true,"href":"https:\/\/chicagodesavanja.us\/en\/wp-json\/wp\/v2\/users\/3"}],"replies":[{"embeddable":true,"href":"https:\/\/chicagodesavanja.us\/en\/wp-json\/wp\/v2\/comments?post=40754"}],"version-history":[{"count":0,"href":"https:\/\/chicagodesavanja.us\/en\/wp-json\/wp\/v2\/posts\/40754\/revisions"}],"wp:attachment":[{"href":"https:\/\/chicagodesavanja.us\/en\/wp-json\/wp\/v2\/media?parent=40754"}],"wp:term":[{"taxonomy":"category","embeddable":true,"href":"https:\/\/chicagodesavanja.us\/en\/wp-json\/wp\/v2\/categories?post=40754"},{"taxonomy":"post_tag","embeddable":true,"href":"https:\/\/chicagodesavanja.us\/en\/wp-json\/wp\/v2\/tags?post=40754"}],"curies":[{"name":"WP","href":"https:\/\/api.w.org\/{rel}","templated":true}]}}