{"id":40730,"date":"2021-08-26T05:31:46","date_gmt":"2021-08-26T05:31:46","guid":{"rendered":"https:\/\/chicagodesavanja.us\/tanja-krstevski-snimanje-filmova-je-moja-pasija\/"},"modified":"2021-08-26T05:31:46","modified_gmt":"2021-08-26T05:31:46","slug":"tanja-krstevski-snimanje-filmova-je-moja-pasija","status":"publish","type":"post","link":"https:\/\/chicagodesavanja.us\/en\/vesti\/tanja-krstevski-snimanje-filmova-je-moja-pasija\/","title":{"rendered":"Tanja Krstevski &#8211; Snimanje filmova je moja pasija i nikada se toga ne bih odrekla (VIDEO)"},"content":{"rendered":"<p class=\"wp-block-paragraph\">Tatjana Tanja Krstevski je jedna jaka, energi\u010dna i uporna \u017eena koja nikada nije odustala od svojih snova. Prevelika ljubav prema kameri i filmu uz visoku profesionalnost u poslu dovela je do velikog uspeha. Tanja Krstevski sada radi kao \u0161ef katedre presti\u017ene filmske akademije <em>TISCH<\/em> u Njujorku gde nesebi\u010dno deli svoje znanje i iskustvo mla\u0111im generacijama.<\/p>\n\n\n\n<p class=\"wp-block-paragraph\">Tanja Krstevski je renomirana direktorka fotografije koja je radila na razli\u010ditim stranama sveta od Srbije, Kine pa sve do Amerike. Kao direktorka fotografije kroz filmove \u201eDubina dva\u201c i \u201eTeret\u201c postigla je veliki uspeh i posebno mesto u svetu filma. Film \u201eTeret\u201c je premijeru imao na Kanskom filmskom festivalu, dok je dokumentarni film \u201eDubina dva\u201c premijerno prikazan na Berlinalu, filmskom festivalu u Berlinu.<\/p>\n\n\n\n<p class=\"wp-block-paragraph\"><em>Tanja, ro\u0111ena si i odrasla u Pan\u010devu. Kako si se odlu\u010dila da ode\u0161 u Ameriku?<\/em><\/p>\n\n\n\n<p class=\"wp-block-paragraph\">Moj odlazak u Ameriku se desio pre 4 godine zbog potrage za boljim \u017eivotom. To nije bio san koji sam jurila celog \u017eivota, iako je Njujork oduvek bio grad koji me je privla\u010dio. Ja sam snimateljka, direktor fotografije, zavr\u0161ila sam Fakultet dramskih umetnosti u Beogradu i radila kao frilenser na filmu u poslednjih 15 godina. Tada je u Srbiji bilo te\u0161ko probiti se kao \u017eena u mom poslu, sada \u017eene u mojoj struci ve\u0107 imaju vi\u0161e poslovnih prilika. Iako su mi govorili da je kamera za mu\u0161karce, ja sam gajila veliku ljubav prema snimanju i pravila svoj put uz pomo\u0107 porodice, profesora i kolega koji su me podr\u017eavali. Shvatila sam da u svojoj zemlji mogu da napredujem do neke granice i da nema dalje. Kada se odlazak u Njujork otvorio kao opcija, ja sam to rado prihvatila. Naime, pojavio se oglas za posao na akademiji <em>TISCH<\/em> i ja sam konkurisala. Javili su mi da sam primljena i da moram \u0161to pre da do\u0111em u Njujork \u0161to je zna\u010dilo da moram da napustim snimanje serije u Kini, ali nisam se pokajala. Nakon dve godine sam postala i \u0161ef katedre kamere.<\/p>\n\n\n\n<p class=\"wp-block-paragraph\"><em>Istra\u017eivala si razli\u010dite umetni\u010dke pravce glumu, muziku i grafi\u010dki dizajn. Kako si se odlu\u010dila za film i snimanje?<\/em><\/p>\n\n\n\n<p class=\"wp-block-paragraph\">\u0160to sam starija shvatam va\u017enost svih tih umetni\u010dkih formi kroz koje sam pro\u0161la, iako u tim trenucima nisam znala koliko \u0107e to da me oblikuje i da mi zna\u010di u \u017eivotu. Poti\u010dem iz muzi\u010dke porodice, otac i brat su mi muzi\u010dari tako da je muzika bila deo na\u0161eg odrastanja, a moja mama je veliki filmofil tako da je i film ne\u0161to \u0161to je prisutno u mom \u017eivotu od kada znam za sebe. Porodi\u010dno smo gledali sve filmove, nismo imali ograni\u010denja po pitanju uzrasta. Gledali smo sve od Hi\u010dkoka, Karpentera, Romana Polanskog \u0161to je u dana\u0161nje vreme mo\u017eda neprikladno za decu tih godina. Mene je to iskustvo ipak oblikovalo i obele\u017eilo moje rano detinjstvo. Zatim sam upisala srednju \u0161kolu i u\u010dila grafi\u010dki dizajn, tako da je tada krenulo crtanje i slikanje, u\u010denje istorije umetnosti. Tada nisam bila ni svesna koliko \u0107e to zna\u010diti za moju profesiju, konkretno za sliku bilo na filmu, bilo da je fotografija. \u010cak i u \u0161koli za vreme odmora dok smo snimali filmove, moje uloga je uvek bila snimatelj. Tako sam shvatila da \u017eelim da se bavim pokretnom slikom i snimanjem. Bavila sam se i glumom nekoliko godina u dramskom studiju u Pan\u010devu, pravili smo na\u0161e amaterske predstave i bilo je jako zanimljivo.<\/p>\n\n\n\n<figure class=\"wp-block-image size-full\"><img decoding=\"async\" src=\"https:\/\/aktuelnosti.us\/wp-content\/uploads\/2021\/08\/149265_1691475691139_5117864_n.jpeg\" alt=\"\" class=\"wp-image-48025\" \/><figcaption><em>Direktorka fotografije Tanja Krstevski na snimanju<\/em><\/figcaption><\/figure>\n\n\n\n<p class=\"wp-block-paragraph\"><em>Film na kome si radila \u201cTeret\u201d je imao premijeru na Kanskom filmskom festivalu i osvojio 25 nagrada na me\u0111unarodnom nivou, a drugi film \u201cDubina 2\u201d je prikazan premijerno na Berlinskom filmskom festivalu. Da li si se nadala takvom uspehu?<\/em><\/p>\n\n\n\n<p class=\"wp-block-paragraph\">Moram da priznam da sam jako ponosna na ta dva projekta i zahvalna \u0161to sam bila deo njih. Naravno, kada radi\u0161 neki film ne mo\u017ee\u0161 ni da sanja\u0161 \u0161ta \u0107e biti sa tim filmom. Ova dva projekta su bila poprili\u010dno te\u0161ka za realizaciju zbog tehni\u010dkih zahteva i manjka bud\u017eeta. To je sve zahvalnost reditelja i scenariste Ognjena Glavonji\u0107a koje je moj kolega sa Fakulteta dramskih umetnosti. Na\u0161a saradnja po\u010dinje i pre ovih filmova, kada me Ognjen pozvao na snimanje njegovog diplomskog kratkog filma \u201cOd pepela\u201d i tada sam na Kustendorfu dobila nagradu za najbolju kameru \u201cVilko Fila\u010d\u201d. Nakon nekoliko godina Ognjen je imao scenario da snimi film \u201cTeret\u201d ali je bilo te\u0161ko zbog nedostatka sredstava, pa smo do\u0161li na ideju da nas troje snimimo dokumentarac \u201cDubina 2\u201d na istu temu. Nakon godinu dana montiranja film je prikazan u Berlinu 2016 godine. Film je jako zanimljiv, ima posebnu formu i jo\u0161 uvek ostavlja publiku bez daha. Na osnovu uspeha tog dokumentarnog filma, Ognjen je dobio podr\u0161ku i mi smo u\u0161li u snimanje filma \u201cTeret\u201d. Imali smo 45 lokacija za snimanje \u0161to je bilo te\u0161ko i zahtevno, ali smo uspeli. Ubrzo nakon zavr\u0161etka snimanja filma, ja sam dobila posao u Njujorku i odselila se. Godinu dana kasnije javili su mi da \u0107e film imati premijeru u Kanu. To je definitvno jedan od mojih najve\u0107ih uspeha do sada jer je Kanski filmski festival najve\u0107i filmski festival na svetu. <\/p>\n\n\n\n<p class=\"wp-block-paragraph\"><em>Snimanje je \u010desto jako naporan posao. Da li zbog toga tvoju profesiju svrstavaju u mu\u0161ke poslove i da li je takva podela uop\u0161te realna?<\/em><\/p>\n\n\n\n<p class=\"wp-block-paragraph\">Biti na setu definitivno jeste jako naporno i te\u0161ko. Ipak, mislim da \u017eena mo\u017ee da podnese fizi\u010dki napor isto kao i mu\u0161karac, zavisi od nje same. Ja sam imala snimanja na kojima sam u blatu po mesec dana ili snimanja koja sam radila u Kini pred dolazak u Njujork gde oni nemaju slobodan dan jer se snima dok se ne zavr\u0161i pa smo radili \u010dak i po 18 sati dnevno. Sve to mo\u017ee zvu\u010dati te\u0161ko, ali ako volite svoj posao i pronalazite se u njemu uspe\u0107ete koliko god to naporno bilo. Krenula sam da radim kao klinka, bila sam <em>focus puller<\/em> i drugi asistent kamere, a svi su me \u010dudno gledali kada do\u0111em na set i sednem za kameru. Ipak, sa obzirom na \u010dinjenicu da \u017eena ima predispozicije da bude majka i da ra\u0111a, to je dovoljna potvrda da ona mo\u017ee da podnese i fizi\u010dki napor. Naravno, sada je situacija za \u017eene i u mojoj profesiji druga\u010dija, \u0161tavi\u0161e snimateljke su jako tra\u017eene.<\/p>\n\n\n\n<figure class=\"wp-block-image size-large\"><img decoding=\"async\" src=\"https:\/\/aktuelnosti.us\/wp-content\/uploads\/2021\/08\/tanjaa-1024x718.jpg\" alt=\"\" class=\"wp-image-48033\" \/><figcaption><em>Tanja Krstevski <\/em><\/figcaption><\/figure>\n\n\n\n<p class=\"wp-block-paragraph\"><em>Sada radi\u0161 kao \u0161ef katedre na filmskoj akademiji TISCH i predaje\u0161 kameru. Kako ti se dopada taj pedago\u0161ki posao i kakve sve izazove nosi sa sobom?<\/em><\/p>\n\n\n\n<p class=\"wp-block-paragraph\">Nakon vi\u0161e od 10 godina snimanja, konstantnog posla nekada \u010dak i bez odmora kada se projekti preklapaju, pedago\u0161ki posao je jedno sasvim novo iskustvo za mene. U po\u010detku mi je bilo te\u0161ko dok nisam upoznala posao, ali sam pratila svoju intuiciju i pomalo prepisivala od svojih profesora koje sam smatrala kvalitetnim. Skupila sam sva ste\u010dena iskustva i potrudila se da ih prenesem svojim studetnima. Intuicija mi je govorila da teba da im dam sve \u0161to znam i sve \u0161to jesam, a da \u0107e oni sami prihvatiti ono \u0161to im je najkorisnije za posao u budu\u0107nosti. Njujork je specifi\u010dan grad jer tu dolaze studenti iz svih krajeva sveta, a svaka slede\u0107a generacija sa sobom donosi ne\u0161to novo. Ja kao profesor moram konstantno da radim na sebi i usavr\u0161avam se da bi ta predavanja bila sve\u017ea. Profesura sa sobom nosi i odgovornost. Na primer, postojali su trenuci kada se prepadnem koliko je moja re\u010d uticala na nekog studenta, zato stalno u ovom poslu treba biti obazriv. Prvi put u istoriji Ti\u0161a, a \u0161kola postoji jako dugo, zavr\u0161ili su je \u010dak Jim Jarmush i Martin Scorsese, dvoje studenata je dobilo nagrade na Kamera EMAG festivalu. To su moji studenti, moja prva generacija. Nema ni\u0161ta lep\u0161e nego kada vidi\u0161 uspehe svojih studenata, to je najve\u0107a sre\u0107a za svakog profesora.<\/p>\n\n\n\n<p class=\"wp-block-paragraph\"><em>Da li si stroga profesorka? <\/em><em>Koliko pored rada na akademimiji sti\u017ee\u0161 da radi\u0161 i na nekom projektu?<\/em><\/p>\n\n\n\n<p class=\"wp-block-paragraph\">Kada zatreba, umem da budem. Ali vi\u0161e gradim prijateljski odnos sa studentima i jako sam direktna \u0161to me verovatno izdvaja od drugih profesora koji su iz Amerike. Specifi\u010dno je da za ove \u010detiri godine koliko predajem u \u0161koli, godinu ipo dana je bila pandemija pa se nije puno ni snimalo ovde u Americi. Ipak, prethodnih godina bila sam aktivna kroz snimanje filma u Kini. Snimam i to je neophodno, ne bih ni volela da mi se \u017eivot svede samo na profesuru jer je ipak snimanje filmova moja pasija i ne bih se toga nikada odrekla. Poslednje \u0161to sam radila, krajem pro\u0161le godine ovde u Njujorku sam producirala i re\u017eirala spot za pesmu \u201cFight\u201d za muzi\u010dara <em>Pharoahe Monch<\/em> i njegov novi bend koji se zove \u201cTh1rt3en\u201d. Ponosna sam na taj projekat i saradnju sa <em>Cypress Hill<\/em> zato \u0161to sam ja dete hip hopa, pa mi je prilika da radim za njih posebno zna\u010dila. Imam u planu jo\u0161 nekoliko projekata u Americi.<\/p>\n\n\n\n<figure class=\"wp-block-embed is-type-video is-provider-youtube wp-block-embed-youtube wp-embed-aspect-16-9 wp-has-aspect-ratio\"><div class=\"wp-block-embed__wrapper\">\n<iframe loading=\"lazy\" title=\"th1rt3en feat Cypress Hill -  Fight\" width=\"500\" height=\"281\" src=\"https:\/\/www.youtube.com\/embed\/Znzp2UGMXio?feature=oembed\" frameborder=\"0\" allow=\"accelerometer; autoplay; clipboard-write; encrypted-media; gyroscope; picture-in-picture; web-share\" referrerpolicy=\"strict-origin-when-cross-origin\" allowfullscreen><\/iframe>\n<\/div><\/figure>\n\n\n\n<p class=\"wp-block-paragraph\"><em>Dok si bila u Srbiji sara\u0111ivala si sa mnogim na\u0161im rediteljima poput Sr\u0111ana Dragojevi\u0107a, Emira Kusturice, Gorana Markovi\u0107a. Da li bi nekoga mogla posebno da izdvoji\u0161, koliko ti je saradnja sa njima pomogla u profesionalnom razvoju?<\/em><\/p>\n\n\n\n<p class=\"wp-block-paragraph\">Ne bih da izdvojim nikoga, ali mi je saradnja sa tim ljudima bila velika \u010dast pogotovu u tom periodu kada sam se razvijala kao filmad\u017eija. Prilika da budem u dru\u0161tvu tih ljudi i da u\u010dim od njih je zaista bila privilegija za mene i to mi je bila velika \u0161kola. Od svih navedenih najvi\u0161e sam radila sa Sr\u0111anom Dragojevi\u0107em i on je vrlo inspirativan reditelj od koga mo\u017ee puno da se nau\u010di. Svi su zaista veliki profesionalci, a ujedno i potpuno druga\u010diji ljudi tako da sam od svih uspela da nau\u010dim po ne\u0161to novo.<\/p>\n\n\n\n<p class=\"wp-block-paragraph\"><em>Ve\u0107 nekoliko godina \u017eivi\u0161 u Njujorku, da li mo\u017ee\u0161 da napravi\u0161 pore\u0111enje izme\u0111u srpske i ameri\u010dke filmske industrije?<\/em><\/p>\n\n\n\n<p class=\"wp-block-paragraph\">Generalno, na kraju se svede na isto. Film je film i bilo da je snimanje u Kini, Americi ili kod nas dosta je to sli\u010dno jer je pravljenje filma jedan univerzalni jezik. Naravno, postoje i razlike. Mi u Srbiji vrlo \u010desto mi imamo male bud\u017eete za filmove, dok u Americi imate celu filmsku industriju i Holivud. Sa druge strane, Amerika nema Ministarstvo kulture koji ima fond gde jednom godi\u0161nje mo\u017eete da aplicirate i da dobijete finansijsku podr\u0161ku na osnovu koje dalje prikupljate sredstava za svoj film. U Srbiji se dobije po\u010detna finansijska podr\u0161ka od Filmskog centra Srbije pa na osnovu toga se dalje prikupljaju sredstva, dok u Americi morate da na\u0111ete investitora od samog starta i to je mnogo te\u0161ko posti\u0107i. To su neke stvari kojih na\u0161i ljudi mo\u017eda nisu ni svesni.<\/p>\n\n\n\n<figure class=\"wp-block-image size-large\"><img decoding=\"async\" src=\"https:\/\/aktuelnosti.us\/wp-content\/uploads\/2021\/08\/17966622_10212883431264961_6915423974287036595_o-1024x683.jpeg\" alt=\"\" class=\"wp-image-48035\" \/><figcaption><em>Vremenski uslovi za snimanje nisu uvek idealni <\/em><\/figcaption><\/figure>\n\n\n\n<p class=\"wp-block-paragraph\"><em>Da li ima\u0161 neki savet za mlade kolege i da li bi im preporu\u010dila Njujork za \u017eivot i profesionalni razvoj?<\/em><\/p>\n\n\n\n<p class=\"wp-block-paragraph\">Moj savet za mla\u0111e generacije je da po\u010dnu da gledaju stare filmove, da odaberu jednog reditelja i naprave mu oma\u017e, pa tako redom. Polanski, Kjubrik, Kurosava, Tarkovski. Pored gledanja filmova, pre svega budite i ostanite dobri i skromni ljudi jer filmski svet ume da uti\u010de na \u010doveka i jako je lepo videti da neko ima dobre namere i \u017eeli da podeli svoje znanje sa drugima. Njujork bih preporu\u010dila svima da u nekoj fazi \u017eivota do\u0111u i do\u017eive ovaj grad. U Njujorku mo\u017eete puno da nau\u010dite i steknete dosta novih iskustava jer je ovo najmultikulturalniji grad na svetu. Ja mislim da svi koji do\u0111u i vide kako ljudi mogu da \u017eive u ljubavi i slozi iako su razli\u010diti i drugih religija, to bude najdivnija stvar i lekcija koju svako mo\u017ee da odnese iz ovog grada. Sa druge strane \u017eivot ovde ume da bude jako surov, ljudi su uglavnom upu\u0107eni sami na sebe, ima pravih prijateljstva ali grad je velik pa samim tim i dosta suroviji.<\/p>\n\n\n\n<p class=\"wp-block-paragraph\">Tanja Krstevski je \u017eena koja je imala svoj cilj, svoj san i u tome je uspela. Put do uspeha, od brojnih nagrada za najbolju snimateljku do profesorke na presti\u017enoj akademiji <em>TISCH<\/em> u Njujorku nije bio nimalo lak.Vredan rad, trud i kreativnost ali pored toga i nesebi\u010dno deljenje svega \u0161to zna, dovelo je Tanju i na poziciju omiljene profesorke me\u0111u njenim studentima. Tanja Krstevski je i dalje velika inspiracija i motivacija mla\u0111im generacijama i uvek je tu za njih da pomogne i odgovori na sva njihova pitanja. Tanju mo\u017eete zapratiti preko njenog <a href=\"https:\/\/www.instagram.com\/tatyana.krs\/\" target=\"_blank\" rel=\"noreferrer noopener\">Instagram<\/a> i <a href=\"https:\/\/www.facebook.com\/tatjana.krstevski.7\" target=\"_blank\" rel=\"noreferrer noopener\">Facebook<\/a> profila.<\/p>\n\n\n\n<p class=\"wp-block-paragraph\" style=\"font-size:10px\">PI\u0160E: MARINA VU\u010cKOVI\u0106 I FOTO: PRIVATNA ARHIVA<\/p>","protected":false},"excerpt":{"rendered":"<p>Tatjana Tanja Krstevski je jedna jaka, energi\u010dna i uporna \u017eena koja nikada nije odustala od svojih snova. Prevelika ljubav prema kameri i filmu uz visoku profesionalnost u poslu dovela je do velikog uspeha. Tanja Krstevski sada radi kao \u0161ef katedre presti\u017ene filmske akademije TISCH u Njujorku gde nesebi\u010dno deli svoje znanje i iskustvo mla\u0111im generacijama. [&hellip;]<\/p>\n","protected":false},"author":3,"featured_media":0,"comment_status":"","ping_status":"","sticky":false,"template":"","format":"standard","meta":{"footnotes":""},"categories":[368,599],"tags":[59480,59481,57861,59482,43830,2176,59483,42051,59484,59485,59486,59487,59488,59489,4499,59490,430,59491,59492,48508,59493,59494,12604,59495,59496,59497,59498,59499,59500,49943,59501,59502],"class_list":["post-40730","post","type-post","status-publish","format-standard","hentry","category-vesti-amerika","category-predstavljamo","tag-bend-th1rt3en","tag-cypress-hill","tag-direktor-fotografije","tag-dubina-2","tag-emir-kusturica","tag-film","tag-filmski-centar-srbije","tag-gluma","tag-goran-markovic-2","tag-graficki-dizajn","tag-jim-jarmush","tag-kanski-filmski-festival","tag-kjubrik","tag-kurosava","tag-martin-scorsese","tag-najbolja-kamera","tag-njujork","tag-od-pepela","tag-ognjen-glavonjic","tag-pancevo","tag-pharoahe-monch","tag-polanski","tag-reditelj","tag-sef-katedre","tag-snimanja","tag-snimateljke","tag-srdan-dragojevic","tag-tanja-krstevski","tag-tarkovski","tag-teret","tag-tisch","tag-vilko-filac"],"_links":{"self":[{"href":"https:\/\/chicagodesavanja.us\/en\/wp-json\/wp\/v2\/posts\/40730","targetHints":{"allow":["GET"]}}],"collection":[{"href":"https:\/\/chicagodesavanja.us\/en\/wp-json\/wp\/v2\/posts"}],"about":[{"href":"https:\/\/chicagodesavanja.us\/en\/wp-json\/wp\/v2\/types\/post"}],"author":[{"embeddable":true,"href":"https:\/\/chicagodesavanja.us\/en\/wp-json\/wp\/v2\/users\/3"}],"replies":[{"embeddable":true,"href":"https:\/\/chicagodesavanja.us\/en\/wp-json\/wp\/v2\/comments?post=40730"}],"version-history":[{"count":0,"href":"https:\/\/chicagodesavanja.us\/en\/wp-json\/wp\/v2\/posts\/40730\/revisions"}],"wp:attachment":[{"href":"https:\/\/chicagodesavanja.us\/en\/wp-json\/wp\/v2\/media?parent=40730"}],"wp:term":[{"taxonomy":"category","embeddable":true,"href":"https:\/\/chicagodesavanja.us\/en\/wp-json\/wp\/v2\/categories?post=40730"},{"taxonomy":"post_tag","embeddable":true,"href":"https:\/\/chicagodesavanja.us\/en\/wp-json\/wp\/v2\/tags?post=40730"}],"curies":[{"name":"WP","href":"https:\/\/api.w.org\/{rel}","templated":true}]}}