{"id":40703,"date":"2021-08-29T03:00:00","date_gmt":"2021-08-29T03:00:00","guid":{"rendered":"https:\/\/chicagodesavanja.us\/sad-upozorio-gradane-da-napuste-aerodrom\/"},"modified":"2021-08-29T03:00:00","modified_gmt":"2021-08-29T03:00:00","slug":"sad-upozorio-gradane-da-napuste-aerodrom","status":"publish","type":"post","link":"https:\/\/chicagodesavanja.us\/en\/vesti\/sad-upozorio-gradane-da-napuste-aerodrom\/","title":{"rendered":"Ambasada SAD u Kabulu pozvala svoje dr\u017eavljane da odmah napuste podru\u010dje oko aerodroma"},"content":{"rendered":"<p class=\"wp-block-paragraph\" id=\"tw-target-text\">Ameri\u010dke vlasti upozorile su na &#8222;specifi\u010dnu i verodostojnu&#8220; pretnju u blizini aerodroma u Kabulu i pozvale sve dr\u017eavljane SAD da napuste to podru\u010dje posle nedavnog napada u kojem je poginulo vi\u0161e od 100 osoba.<\/p>\n\n\n\n<p class=\"wp-block-paragraph\">Upozorenje dolazi nakon \u0161to je predsednik D\u017eo Bajden rekao da je jo\u0161 jedan teroristi\u010dki napad u Avganistanu &#8222;vrlo verovatan&#8220; u narednih 24 do 36 sati. Napomenuo je da je situacija na terenu i dalje &#8222;izuzetno opasna&#8220;.<\/p>\n\n\n\n<p class=\"wp-block-paragraph\">\u201eZbog specifi\u010dne i verodostojne pretnje, svi ameri\u010dki dr\u017eavljani u blizini kabulskog aerodroma bi trebalo da napuste to podru\u010dje \u0161to pre\u201c, saop\u0161tila je ambasada SAD u Kabulu.<\/p>\n\n\n\n<p class=\"wp-block-paragraph\">Pretnja se odnosi na ju\u017eni i severozapadni deo aerodroma, kao i na podru\u010dje u blizini benzinske pumpe kod aerodroma, dodala je ambasada.<\/p>\n\n\n\n<p class=\"wp-block-paragraph\">Niz pretnji bombom poremetile su poslednjih dana operaciju evakuacije Amerikanaca na aerodromu u Kabulu. Amerikanci su bili primorani na saradnju sa talibanima koji su polovinom avgusta preuzeli vlast u Avganistanu.<\/p>\n\n\n\n<p class=\"wp-block-paragraph\"><a href=\"https:\/\/chicagodesavanja.us\/en\/vesti\/u-seriji-eksplozija-u-kabulu-vise-od-70-poginulih\/\" target=\"_blank\" rel=\"noreferrer noopener\">U napadu d\u017eihadista Islamske dr\u017eave<\/a> na aerodrom u Kabulu poginulo je vi\u0161e od 100 ljudi, me\u0111u kojima 13 ameri\u010dkih vojnika.<\/p>\n\n\n\n<p class=\"wp-block-paragraph\">Napori za evakuaciju se sve vi\u0161e privode kraju. Zvani\u010dnici Pentagona izve\u0161tavaju da se smanjio broj ljudi koji napu\u0161taju Avganistan uz pomo\u0107 SAD. <\/p>\n\n\n\n<p class=\"wp-block-paragraph\">Prema saop\u0161tenju iz Bele ku\u0107e, u subotu uve\u010de, 28. avgusta, evakuisano je oko 2.000 ljudi.<\/p>\n\n\n\n<p class=\"wp-block-paragraph\">You can find more information<a href=\"https:\/\/www.washingtonpost.com\/world\/2021\/08\/28\/afghanistan-kabul-taliban-live-updates\/\" target=\"_blank\" rel=\"noreferrer noopener\"> here<\/a>. <\/p>\n\n\n\n<p class=\"wp-block-paragraph\" style=\"font-size:10px\">IZVOR: THE WASHINGTON POST FOTO: DW<\/p>","protected":false},"excerpt":{"rendered":"<p>Ameri\u010dke vlasti upozorile su na &#8222;specifi\u010dnu i verodostojnu&#8220; pretnju u blizini aerodroma u Kabulu i pozvale sve dr\u017eavljane SAD da napuste to podru\u010dje posle nedavnog napada u kojem je poginulo vi\u0161e od 100 osoba. Upozorenje dolazi nakon \u0161to je predsednik D\u017eo Bajden rekao da je jo\u0161 jedan teroristi\u010dki napad u Avganistanu &#8222;vrlo verovatan&#8220; u narednih [&hellip;]<\/p>\n","protected":false},"author":3,"featured_media":0,"comment_status":"","ping_status":"","sticky":false,"template":"","format":"standard","meta":{"footnotes":""},"categories":[368,369],"tags":[6945,45909,18648,51981,589,484,8490,58452,52795,55292,408,1254,22397,3671],"class_list":["post-40703","post","type-post","status-publish","format-standard","hentry","category-vesti-amerika","category-vesti","tag-aerodrom","tag-americke-vlasti","tag-avganistan","tag-drzavljani-sad","tag-dzo-bajden-2","tag-dzozef-bajden","tag-evakuacija","tag-evakuacija-iz-kabula","tag-kabul","tag-moguc-napad","tag-predsednik-sad","tag-state-department","tag-teroristicki-napad","tag-upozorenje"],"_links":{"self":[{"href":"https:\/\/chicagodesavanja.us\/en\/wp-json\/wp\/v2\/posts\/40703","targetHints":{"allow":["GET"]}}],"collection":[{"href":"https:\/\/chicagodesavanja.us\/en\/wp-json\/wp\/v2\/posts"}],"about":[{"href":"https:\/\/chicagodesavanja.us\/en\/wp-json\/wp\/v2\/types\/post"}],"author":[{"embeddable":true,"href":"https:\/\/chicagodesavanja.us\/en\/wp-json\/wp\/v2\/users\/3"}],"replies":[{"embeddable":true,"href":"https:\/\/chicagodesavanja.us\/en\/wp-json\/wp\/v2\/comments?post=40703"}],"version-history":[{"count":0,"href":"https:\/\/chicagodesavanja.us\/en\/wp-json\/wp\/v2\/posts\/40703\/revisions"}],"wp:attachment":[{"href":"https:\/\/chicagodesavanja.us\/en\/wp-json\/wp\/v2\/media?parent=40703"}],"wp:term":[{"taxonomy":"category","embeddable":true,"href":"https:\/\/chicagodesavanja.us\/en\/wp-json\/wp\/v2\/categories?post=40703"},{"taxonomy":"post_tag","embeddable":true,"href":"https:\/\/chicagodesavanja.us\/en\/wp-json\/wp\/v2\/tags?post=40703"}],"curies":[{"name":"WP","href":"https:\/\/api.w.org\/{rel}","templated":true}]}}