{"id":40645,"date":"2021-09-03T05:20:00","date_gmt":"2021-09-03T05:20:00","guid":{"rendered":"https:\/\/chicagodesavanja.us\/nejvi-pir-ce-prvi-put-u-istoriji-prirediti-vatromet-i-posle-praznika-rada\/"},"modified":"2021-09-03T05:20:00","modified_gmt":"2021-09-03T05:20:00","slug":"nejvi-pir-ce-prvi-put-u-istoriji-prirediti-vatromet-i-posle-praznika-rada","status":"publish","type":"post","link":"https:\/\/chicagodesavanja.us\/en\/vesti\/nejvi-pir-ce-prvi-put-u-istoriji-prirediti-vatromet-i-posle-praznika-rada\/","title":{"rendered":"Nejvi Pir \u0107e prvi put prirediti vatromet i nakon Praznika rada"},"content":{"rendered":"<p class=\"wp-block-paragraph\">Po prvi put Nejvi Pir u \u010cikagu \u0107e \u010duvene vatromete nastaviti i tokom septembra, nakon Praznika rada.<\/p>\n\n\n\n<p class=\"wp-block-paragraph\">Oni \u0107e se odr\u017eati u subotu 11. septembra i u subotu 18. septembra, a mo\u0107i \u0107e da se vide \u0161irom pristani\u0161ta.<\/p>\n\n\n\n<p class=\"wp-block-paragraph\">Osim vatrometa, gra\u0111ani \u010cikaga \u0107e mo\u0107i da u\u017eivaju i u bioskopu na otvorenom, \u010ci-Soul festivalu, besplatnom prikazivanju \u201eOtelo: Remiks\u201c-a i \u010duvenim svetle\u0107im bundevama.<\/p>\n\n\n\n<p class=\"wp-block-paragraph\">\u017durke za No\u0107 ve\u0161tica \u0107e se ponovo odr\u017eavati od 9. oktobra, a glavne atrakcije su maskenbali, lov na slatki\u0161e, filmovi&#8230;<\/p>\n\n\n\n<p class=\"wp-block-paragraph\">\u201eZahvaljuju\u0107i prijateljskoj pomo\u0107i i podr\u017eavanju neprofitnih organizacija, mornarica je uspela da&nbsp; organizuje i nekoliko novih jesenjih programa\u201c, rekli su organizatori i tako\u0111e istakli da \u0107e zajednica biti prezadovoljna kulturnim programima u narednom periodu.<\/p>\n\n\n\n<p class=\"wp-block-paragraph\">Pristani\u0161te u \u010cikagu je zatvoreno pro\u0161log septembra, iz finansijskih razloga prouzrokovanih pandemijom korona virusa, a ponovo otvoreno ovog prole\u0107a.<\/p>\n\n\n\n<p class=\"wp-block-paragraph\">Po\u010delo je da radi punim kapacitetom po\u010detkom leta i posvetilo vatromet zdravstvenim radnicima.<\/p>\n\n\n\n<p class=\"wp-block-paragraph\" style=\"font-size:10px\">SOURCE:<a href=\"https:\/\/www.nbcchicago.com\" target=\"_blank\" rel=\"noreferrer noopener\"> NBCCHICAGO.COM<\/a> I FOTO: VIATOR<\/p>","protected":false},"excerpt":{"rendered":"<p>Po prvi put Nejvi Pir u \u010cikagu \u0107e \u010duvene vatromete nastaviti i tokom septembra, nakon Praznika rada. Oni \u0107e se odr\u017eati u subotu 11. septembra i u subotu 18. septembra, a mo\u0107i \u0107e da se vide \u0161irom pristani\u0161ta. Osim vatrometa, gra\u0111ani \u010cikaga \u0107e mo\u0107i da u\u017eivaju i u bioskopu na otvorenom, \u010ci-Soul festivalu, besplatnom prikazivanju [&hellip;]<\/p>\n","protected":false},"author":3,"featured_media":12202,"comment_status":"","ping_status":"","sticky":false,"template":"","format":"standard","meta":{"wpai_generated_summary":"","footnotes":""},"categories":[368,369],"tags":[3493,54515,831,376,39943,2984,380,31198,59225,4689,43534],"class_list":["post-40645","post","type-post","status-publish","format-standard","has-post-thumbnail","hentry","category-vesti-amerika","category-vesti","tag-bioskop","tag-bioskop-na-otvorenom","tag-filmovi","tag-koronavirus","tag-mornarica","tag-navy-pier","tag-pandemija","tag-praznik-rada","tag-pristaniste","tag-vatromet","tag-zurke"],"_links":{"self":[{"href":"https:\/\/chicagodesavanja.us\/en\/wp-json\/wp\/v2\/posts\/40645","targetHints":{"allow":["GET"]}}],"collection":[{"href":"https:\/\/chicagodesavanja.us\/en\/wp-json\/wp\/v2\/posts"}],"about":[{"href":"https:\/\/chicagodesavanja.us\/en\/wp-json\/wp\/v2\/types\/post"}],"author":[{"embeddable":true,"href":"https:\/\/chicagodesavanja.us\/en\/wp-json\/wp\/v2\/users\/3"}],"replies":[{"embeddable":true,"href":"https:\/\/chicagodesavanja.us\/en\/wp-json\/wp\/v2\/comments?post=40645"}],"version-history":[{"count":0,"href":"https:\/\/chicagodesavanja.us\/en\/wp-json\/wp\/v2\/posts\/40645\/revisions"}],"wp:featuredmedia":[{"embeddable":true,"href":"https:\/\/chicagodesavanja.us\/en\/wp-json\/wp\/v2\/media\/12202"}],"wp:attachment":[{"href":"https:\/\/chicagodesavanja.us\/en\/wp-json\/wp\/v2\/media?parent=40645"}],"wp:term":[{"taxonomy":"category","embeddable":true,"href":"https:\/\/chicagodesavanja.us\/en\/wp-json\/wp\/v2\/categories?post=40645"},{"taxonomy":"post_tag","embeddable":true,"href":"https:\/\/chicagodesavanja.us\/en\/wp-json\/wp\/v2\/tags?post=40645"}],"curies":[{"name":"WP","href":"https:\/\/api.w.org\/{rel}","templated":true}]}}