{"id":40539,"date":"2021-09-14T05:31:47","date_gmt":"2021-09-14T05:31:47","guid":{"rendered":"https:\/\/chicagodesavanja.us\/plan-energetske-reforme-usvojen-13-septembra\/"},"modified":"2021-09-14T05:31:47","modified_gmt":"2021-09-14T05:31:47","slug":"plan-energetske-reforme-usvojen-13-septembra","status":"publish","type":"post","link":"https:\/\/chicagodesavanja.us\/en\/vesti\/plan-energetske-reforme-usvojen-13-septembra\/","title":{"rendered":"Koliko bi plan energetske reforme Ilinoisa mogao ko\u0161tati stanovnike?"},"content":{"rendered":"<p class=\"wp-block-paragraph\">Guverner D\u017eej Bi Pricker rekao je da se raduje \u0161to skorijem potpisivanju plana energetske reforme Ilinoisa.<\/p>\n\n\n\n<p class=\"wp-block-paragraph\">Senat Ilinoisa odobrio je u ponedeljak, 13. septembra plan energetske reforme za uklanjanje emisije ugljen-dioksida do 2050. godine uprkos neizvesnosti koliko bi zakon mogao ko\u0161tati stanovnike.<\/p>\n\n\n\n<p class=\"wp-block-paragraph\">Dve nuklearne elektrane mogle bi biti spa\u0161ene od zatvaranja, a fabrike uglja koje emituju ugljen-monoksid zatvorene u narednih \u010detvrt veka kao deo paketa \u010diste energije. Predlog zakona poti\u010de od Guvernera D\u017eej Bi Prickera, koji se zala\u017ee za Ilinois bez ugljen-dioksida do 2045.<\/p>\n\n\n\n<p class=\"wp-block-paragraph\">Odre\u0111eni broj republikanaca doveo je u pitanje pove\u0107anje ra\u010duna za komunalije, rekav\u0161i da bi to moglo ko\u0161tati obveznike \u010dak 15 ili vi\u0161e dolara mese\u010dno.<\/p>\n\n\n\n<p class=\"wp-block-paragraph\">&#8222;Iako je \u010dista energija od su\u0161tinske va\u017enosti za na\u0161u dr\u017eavu, kako ,ne mo\u017eemo zanemariti trenutni efekat na stope elektri\u010dne energije koje \u0107e imati ovaj zakon&#8220;, rekao je predstavnik Ilinoisa Dan Ugaste u saop\u0161tenju ranije ovog meseca.<\/p>\n\n\n\n<p class=\"wp-block-paragraph\">Zagovornici zakona ka\u017eu da \u0107e prose\u010dno pove\u0107anje ra\u010duna iznositi 3,50 dolara mese\u010dno.<\/p>\n\n\n\n<p class=\"wp-block-paragraph\">Pre nego \u0161to je predlog zakona energetske reforme usvojen u Senatu, Privredna komora Ilinoisa objavila je u ponedeljak saop\u0161tenje u kome je predlog nazvan \u201cmanjkavim\u201d koji \u0107e &#8222;dramati\u010dno pove\u0107ati tro\u0161kove stanovanja i dovesti u pitanje pouzdanost\u00a0 energetskog sistema&#8220;.<\/p>\n\n\n\n<p class=\"wp-block-paragraph\">Postoji vi\u0161e skrivenih tro\u0161kova, rekao je zastupnik \u010carls Majer, republikanac iz Okavila, koji predstavlja podru\u010dje koje energetski pokriva Preri Stejt D\u017eenerejting\u00a0 u Marisi.<\/p>\n\n\n\n<p class=\"wp-block-paragraph\">Postrojenje na ugalj i zasebna postrojenja, Vodovod, Rasveta i elektri\u010dna energija u Springfildu, moraju smanjiti za 20% emisiju gasova staklene ba\u0161te do 2035. godine.<\/p>\n\n\n\n<p class=\"wp-block-paragraph\">Majer je ranije rekao da su op\u0161tinski i gradski poslanici Prerije preduzeli korake za pove\u0107anje proizvodnje \u010diste energije na 12%, u pore\u0111enju sa 7% u celoj dr\u017eavi. Rekao je da \u0107e solarna mre\u017ea koja \u0107e da zameni proizvodne kapacitete dr\u017eave Prerije pojesti 123.000 hektara \u201evrhunskog poljoprivrednog zemlji\u0161ta\u201c.<\/p>\n\n\n\n<p class=\"wp-block-paragraph\">&#8222;Pretpostavljamo&#8220;, rekao je ranije predstavnik Kit Viler iz Osvega. &#8222;Stavljamo ogroman cilj na plo\u010du i ako ne pogodimo dobro, kupova\u0107emo fosilnu energiju iz susednih dr\u017eava.&#8220;<\/p>\n\n\n\n<p class=\"wp-block-paragraph\">Senator iz Ilinoisa, Majk Simons iz \u010cikaga, rekao je da je, iako je sre\u0107an \u0161to je Ilinois na putu da se oslobodi fosilnih goriva, glasao za &#8222;nadgledanje celog sistema&#8220; zbog pove\u0107anja kamatnih stopa Ekelona i dodatnih taksi za stanovnike.<\/p>\n\n\n\n<p class=\"wp-block-paragraph\">&#8222;Zabrinjava me davanje vi\u0161e novca Ekelonu upravo sada, kada je poverenje javnosti zloupotrebio Komonvelt \u00a0Edison poslednjih godina.&#8220;<\/p>\n\n\n\n<p class=\"wp-block-paragraph\">Pricker je u saop\u0161tenju pozdravio usvajanje plana energetske reforme u Senatu, rekav\u0161i da Illinois &#8222;zacrtava novu budu\u0107nost koja radi na ubla\u017eavanju uticaja klimatskih promena&#8220;.<\/p>\n\n\n\n<p class=\"wp-block-paragraph\">&#8222;Radujem se \u0161to skorijem potpisivanju ove istorijske mere, jer na\u0161a planeta i narod Ilinoisa ne bi trebalo da \u010dekaju vi\u0161e&#8220;, rekao je on.<\/p>\n\n\n\n<p class=\"wp-block-paragraph\" style=\"font-size:10px\">SOURCE: <a href=\"https:\/\/www.nbcchicago.com\/news\/local\/how-much-could-illinois-energy-reform-plan-raise-utility-bills\/2611385\/\" target=\"_blank\" rel=\"noreferrer noopener\">NBCCHICAGO<\/a> PHOTO: PEXELS<\/p>","protected":false},"excerpt":{"rendered":"<p>Guverner D\u017eej Bi Pricker rekao je da se raduje \u0161to skorijem potpisivanju plana energetske reforme Ilinoisa. Senat Ilinoisa odobrio je u ponedeljak, 13. septembra plan energetske reforme za uklanjanje emisije ugljen-dioksida do 2050. godine uprkos neizvesnosti koliko bi zakon mogao ko\u0161tati stanovnike. Dve nuklearne elektrane mogle bi biti spa\u0161ene od zatvaranja, a fabrike uglja koje [&hellip;]<\/p>\n","protected":false},"author":3,"featured_media":0,"comment_status":"","ping_status":"","sticky":false,"template":"","format":"standard","meta":{"footnotes":""},"categories":[368,369],"tags":[14162,58869,12326,58870,53886,58871,4405,43092,58872,47151,58873,58874,18990,48029,58875],"class_list":["post-40539","post","type-post","status-publish","format-standard","hentry","category-vesti-amerika","category-vesti","tag-cista-energija","tag-dzej-bi-pricker","tag-elektricna-energija","tag-fabrike-uglja","tag-fosilna-goriva","tag-gradski-poslanici","tag-ilinois","tag-klimatska-promene","tag-nova-buducnost","tag-nuklearne-elektrane","tag-plan-energetske-reforme","tag-privredna-komora-ilinoisa","tag-senat-ilinoisa","tag-ugljen-dioksid","tag-usvajanje-zakona"],"_links":{"self":[{"href":"https:\/\/chicagodesavanja.us\/en\/wp-json\/wp\/v2\/posts\/40539","targetHints":{"allow":["GET"]}}],"collection":[{"href":"https:\/\/chicagodesavanja.us\/en\/wp-json\/wp\/v2\/posts"}],"about":[{"href":"https:\/\/chicagodesavanja.us\/en\/wp-json\/wp\/v2\/types\/post"}],"author":[{"embeddable":true,"href":"https:\/\/chicagodesavanja.us\/en\/wp-json\/wp\/v2\/users\/3"}],"replies":[{"embeddable":true,"href":"https:\/\/chicagodesavanja.us\/en\/wp-json\/wp\/v2\/comments?post=40539"}],"version-history":[{"count":0,"href":"https:\/\/chicagodesavanja.us\/en\/wp-json\/wp\/v2\/posts\/40539\/revisions"}],"wp:attachment":[{"href":"https:\/\/chicagodesavanja.us\/en\/wp-json\/wp\/v2\/media?parent=40539"}],"wp:term":[{"taxonomy":"category","embeddable":true,"href":"https:\/\/chicagodesavanja.us\/en\/wp-json\/wp\/v2\/categories?post=40539"},{"taxonomy":"post_tag","embeddable":true,"href":"https:\/\/chicagodesavanja.us\/en\/wp-json\/wp\/v2\/tags?post=40539"}],"curies":[{"name":"WP","href":"https:\/\/api.w.org\/{rel}","templated":true}]}}