{"id":40531,"date":"2021-09-15T04:41:00","date_gmt":"2021-09-15T04:41:00","guid":{"rendered":"https:\/\/chicagodesavanja.us\/bajden-je-u-ajdahu-pokazao-da-ima-problema-sa-pamcenjem\/"},"modified":"2021-09-15T04:41:00","modified_gmt":"2021-09-15T04:41:00","slug":"bajden-je-u-ajdahu-pokazao-da-ima-problema-sa-pamcenjem","status":"publish","type":"post","link":"https:\/\/chicagodesavanja.us\/en\/vesti\/bajden-je-u-ajdahu-pokazao-da-ima-problema-sa-pamcenjem\/","title":{"rendered":"Jo\u0161 jedan problem sa pam\u0107enjem predsednika Bajdena"},"content":{"rendered":"<p class=\"wp-block-paragraph\">Predsednik SAD D\u017eo Bajden je na doga\u0111aju u Ajdahu tvrdio da je njegova &#8222;prva ponuda za posao\u201c do\u0161la od lokalnog preduze\u0107a za proizvodnju drvne gra\u0111e i proizvoda od drveta Bois Kaskejd, ali kompanija ka\u017ee da &#8222;nema zapisa\u201c o tome da je to ta\u010dno, prenosi Njujork Post .<\/p>\n\n\n\n<p class=\"wp-block-paragraph\">&#8222;Bajden, koji je poznat po tome da spominje doga\u0111aje koji se nisu dogodili, rekao je da je redovno pominjao ponudu za posao svom kolegi iz Senata iz Idaha, pokojnom demokratskom senatoru Franku \u010cer\u010du&#8220;.<\/p>\n\n\n\n<p class=\"wp-block-paragraph\">&#8222;Rekao sam ovome (pokojnom demokratskom senatoru) Franku \u010cer\u010du da sam dobio &#8211; svoju prvu ponudu za posao, gde sam hteo &#8211; supruga, pokojna supruga i ja smo hteli da se preselimo u Ajdaho jer mi &#8211; nije \u0161ala &#8211; to je tako lepa, lepa dr\u017eava. I bio sam na intervjuu za posao u Bois Keskejdu&#8220;, rekao je Bajden.<\/p>\n\n\n\n<p class=\"wp-block-paragraph\">&#8222;U me\u0111uvremenu se desio rat. U svakom slu\u010daju. Ali cela poenta je bila u tome \u0161to sam se uvek \u0161alio sa Frankom. &#8222;<\/p>\n\n\n\n<p class=\"wp-block-paragraph\">&#8222;Nemamo podataka o prijavi predsednika Bajdena ili o tome da je radio za kompaniju\u201c, rekla je portparolka kompanije Lisa \u010campl za Post. &#8222;Interno smo proverili na\u0161 sistem i ni\u0161ta se nije pokazalo&#8220;, prenosi\u00a0The Root.<\/p>\n\n\n\n<p class=\"wp-block-paragraph\">Bela ku\u0107a nije odmah odgovorila na zahtev za komentar.<\/p>\n\n\n\n<p class=\"wp-block-paragraph\">Tako\u0111e, Post nije prona\u0161ao nijedan zapis o tome da je Bajden ikada pri\u010dao o ovome u istoriji svog \u017eivota. Bukvalno su pretra\u017eili arhivu vesti i njegove memoare iz 2007. &#8222;Obe\u0107anja koja \u0107e se odr\u017eati\u201c i nije bilo govora o kompaniji ili snu o preseljenju u Ajdaho.<\/p>\n\n\n\n<p class=\"wp-block-paragraph\">\u010campl, portparolka kompanije nije htela da tvrdi da je Biden otvoreni la\u017eov, primetila je da je predsednik mogao da tra\u017ei &#8222;zaposlenje u kompaniji, ali da su zapisi izgubljeni kada je kompanija odustala od nekih svojih pro\u0161lih projekata, poput betona, odeljenja za plastiku i tekstil \u201c.<\/p>\n\n\n\n<p class=\"wp-block-paragraph\">&#8222;Imali smo raznolik portfolio \u0161ezdesetih i ranih sedamdesetih &#8230; pa pretpostavljam da su svi zapisi izbrisani ili preneti za preduze\u0107a\/projekte u kojima vi\u0161e ne u\u010destvujemo&#8220;, rekla je ona, prenosi Post.<\/p>\n\n\n\n<p class=\"wp-block-paragraph\">&#8222;Ne bih \u017eelela da spekuli\u0161em o tome za kakvu se ulogu mogao prijaviti 1972. Danas smo proizvo\u0111a\u010d proizvoda od drveta i distributer gra\u0111evinskog materijala na veliko.\u201c<\/p>\n\n\n\n<p class=\"wp-block-paragraph\" style=\"font-size:10px\">SOURCE: <a href=\"http:\/\/Bajden je u Ajdahu\" target=\"_blank\" rel=\"noreferrer noopener\">Courier <\/a>I FOTO: FOXNEWS<\/p>\n\n\n\n<p class=\"wp-block-paragraph\"><\/p>","protected":false},"excerpt":{"rendered":"<p>Predsednik SAD D\u017eo Bajden je na doga\u0111aju u Ajdahu tvrdio da je njegova &#8222;prva ponuda za posao\u201c do\u0161la od lokalnog preduze\u0107a za proizvodnju drvne gra\u0111e i proizvoda od drveta Bois Kaskejd, ali kompanija ka\u017ee da &#8222;nema zapisa\u201c o tome da je to ta\u010dno, prenosi Njujork Post . &#8222;Bajden, koji je poznat po tome da spominje [&hellip;]<\/p>\n","protected":false},"author":3,"featured_media":0,"comment_status":"","ping_status":"","sticky":false,"template":"","format":"standard","meta":{"wpai_generated_summary":"","footnotes":""},"categories":[368,369],"tags":[42382,58845,592,58846,58847,58848,58849],"class_list":["post-40531","post","type-post","status-publish","format-standard","hentry","category-vesti-amerika","category-vesti","tag-ajdaho","tag-bois-keskejd","tag-joe-biden","tag-preseljenje-u-ajdaho","tag-problem-s-pamcenjem","tag-proizvodnja-drveta","tag-prvi-posao"],"_links":{"self":[{"href":"https:\/\/chicagodesavanja.us\/en\/wp-json\/wp\/v2\/posts\/40531","targetHints":{"allow":["GET"]}}],"collection":[{"href":"https:\/\/chicagodesavanja.us\/en\/wp-json\/wp\/v2\/posts"}],"about":[{"href":"https:\/\/chicagodesavanja.us\/en\/wp-json\/wp\/v2\/types\/post"}],"author":[{"embeddable":true,"href":"https:\/\/chicagodesavanja.us\/en\/wp-json\/wp\/v2\/users\/3"}],"replies":[{"embeddable":true,"href":"https:\/\/chicagodesavanja.us\/en\/wp-json\/wp\/v2\/comments?post=40531"}],"version-history":[{"count":0,"href":"https:\/\/chicagodesavanja.us\/en\/wp-json\/wp\/v2\/posts\/40531\/revisions"}],"wp:attachment":[{"href":"https:\/\/chicagodesavanja.us\/en\/wp-json\/wp\/v2\/media?parent=40531"}],"wp:term":[{"taxonomy":"category","embeddable":true,"href":"https:\/\/chicagodesavanja.us\/en\/wp-json\/wp\/v2\/categories?post=40531"},{"taxonomy":"post_tag","embeddable":true,"href":"https:\/\/chicagodesavanja.us\/en\/wp-json\/wp\/v2\/tags?post=40531"}],"curies":[{"name":"WP","href":"https:\/\/api.w.org\/{rel}","templated":true}]}}