{"id":40492,"date":"2021-09-19T03:28:00","date_gmt":"2021-09-19T03:28:00","guid":{"rendered":"https:\/\/chicagodesavanja.us\/zariste-koronavirusa-moze-postati-generalna-skupstina-un\/"},"modified":"2021-09-19T03:28:00","modified_gmt":"2021-09-19T03:28:00","slug":"zariste-koronavirusa-moze-postati-generalna-skupstina-un","status":"publish","type":"post","link":"https:\/\/chicagodesavanja.us\/en\/vesti\/zariste-koronavirusa-moze-postati-generalna-skupstina-un\/","title":{"rendered":"Biden administration concerned: Is the coronavirus threatening?"},"content":{"rendered":"<p class=\"wp-block-paragraph\">Administracija predsednika D\u017eoa Bajdena zabrinuta je da bi Generalna skup\u0161tina Ujedinjenih nacija ubrzo mogla da postane \u017eari\u0161te virusa kovid 19.<\/p>\n\n\n\n<p class=\"wp-block-paragraph\">To se mo\u017ee desiti ukoliko se svetski lideri koji budu dolazili u Njujork ne budu pridr\u017eavali pravila o vakcinaciji.<\/p>\n\n\n\n<p class=\"wp-block-paragraph\">Ambasadorka SAD pri UN Linda Tomas-Grinfild rekla je za CBS Njuz da je administracija &#8222;zabrinuta zbog doga\u0111aja u UN koji bi mogao da postane \u017eari\u0161te i da je potrebno preduzeti sve mere kako bi se spre\u010dilo da susret svetskih lidera postane mesto \u0161irenja koronavirusa&#8220;.<\/p>\n\n\n\n<p class=\"wp-block-paragraph\">Za razliku od pro\u0161le godine, kada je pandemija virusa kovid 19 primorala najve\u0107i godi\u0161nji doga\u0111aj u UN da bude virtuelan, ovog puta politi\u010dki lideri mogu da po\u0161alju video poruku, a mogu i li\u010dno da do\u0111u u Njujork na zasedanje skup\u0161tine.<\/p>\n\n\n\n<p class=\"wp-block-paragraph\">Vi\u0161e od 100 predsednika, premijera i ostalih politi\u010dara najavilo je da \u0107e u\u017eivo govoriti na zasedanju, a generalna debata odr\u017eava se od 21. do 27. septembra.<\/p>\n\n\n\n<p class=\"wp-block-paragraph\">Predsednik D\u017eo Bajden \u0107e govoriti u Njujorku 21. septembra, a prati\u0107e ga ne\u0161to manji broj predstavnika Bele ku\u0107e nego ina\u010de.<\/p>\n\n\n\n<p class=\"wp-block-paragraph\">Vlasti Njujorka zatra\u017eile su ranije u pismu predsedniku Generalne skup\u0161tine Abduli \u0160ahidu da svi koji do\u0111u u sedi\u0161te UN moraju da poka\u017eu dokaz o vakcinaciji protiv koronavirusa.<\/p>\n\n\n\n<p class=\"wp-block-paragraph\">Gradske vlasti navode da je dvorana Generalne skup\u0161tine UN kongresni centar koji podle\u017ee istim pravilima kao i ve\u0107ina zatvorenih prostora u Njujorku.<\/p>\n\n\n\n<p class=\"wp-block-paragraph\" style=\"font-size:10px\">SOURCE:<a href=\"https:\/\/www.b92.net\/info\/vesti\/index.php?yyyy=2021&amp;mm=09&amp;dd=18&amp;nav_category=78&amp;nav_id=1924739\" target=\"_blank\" rel=\"noreferrer noopener\"> B92<\/a> PHOTO: UNSPLASH<\/p>","protected":false},"excerpt":{"rendered":"<p>Administracija predsednika D\u017eoa Bajdena zabrinuta je da bi Generalna skup\u0161tina Ujedinjenih nacija ubrzo mogla da postane \u017eari\u0161te virusa kovid 19. To se mo\u017ee desiti ukoliko se svetski lideri koji budu dolazili u Njujork ne budu pridr\u017eavali pravila o vakcinaciji. Ambasadorka SAD pri UN Linda Tomas-Grinfild rekla je za CBS Njuz da je administracija &#8222;zabrinuta zbog [&hellip;]<\/p>\n","protected":false},"author":3,"featured_media":0,"comment_status":"","ping_status":"","sticky":false,"template":"","format":"standard","meta":{"footnotes":""},"categories":[368,369],"tags":[49129,538,589,34643,58768,376,429,430,380,41683,408,568,57440,4751,422,16932,58769,58770],"class_list":["post-40492","post","type-post","status-publish","format-standard","hentry","category-vesti-amerika","category-vesti","tag-administracija-predsednika","tag-amerika","tag-dzo-bajden-2","tag-generalna-skupstina","tag-kongresni-centar","tag-koronavirus","tag-new-york","tag-njujork","tag-pandemija","tag-pandemija-koronavirusa","tag-predsednik-sad","tag-sad","tag-svetski-lideri","tag-ujedinjene-nacije","tag-vakcina","tag-vakcinacija","tag-vlasti-njujorka","tag-zariste-virusa"],"_links":{"self":[{"href":"https:\/\/chicagodesavanja.us\/en\/wp-json\/wp\/v2\/posts\/40492","targetHints":{"allow":["GET"]}}],"collection":[{"href":"https:\/\/chicagodesavanja.us\/en\/wp-json\/wp\/v2\/posts"}],"about":[{"href":"https:\/\/chicagodesavanja.us\/en\/wp-json\/wp\/v2\/types\/post"}],"author":[{"embeddable":true,"href":"https:\/\/chicagodesavanja.us\/en\/wp-json\/wp\/v2\/users\/3"}],"replies":[{"embeddable":true,"href":"https:\/\/chicagodesavanja.us\/en\/wp-json\/wp\/v2\/comments?post=40492"}],"version-history":[{"count":0,"href":"https:\/\/chicagodesavanja.us\/en\/wp-json\/wp\/v2\/posts\/40492\/revisions"}],"wp:attachment":[{"href":"https:\/\/chicagodesavanja.us\/en\/wp-json\/wp\/v2\/media?parent=40492"}],"wp:term":[{"taxonomy":"category","embeddable":true,"href":"https:\/\/chicagodesavanja.us\/en\/wp-json\/wp\/v2\/categories?post=40492"},{"taxonomy":"post_tag","embeddable":true,"href":"https:\/\/chicagodesavanja.us\/en\/wp-json\/wp\/v2\/tags?post=40492"}],"curies":[{"name":"WP","href":"https:\/\/api.w.org\/{rel}","templated":true}]}}