{"id":40340,"date":"2021-10-04T04:15:00","date_gmt":"2021-10-04T04:15:00","guid":{"rendered":"https:\/\/chicagodesavanja.us\/vasington-dobio-poseban-memorijal-za-660-hiljada-zrtava-kovida\/"},"modified":"2021-10-04T04:15:00","modified_gmt":"2021-10-04T04:15:00","slug":"vasington-dobio-poseban-memorijal-za-660-hiljada-zrtava-kovida","status":"publish","type":"post","link":"https:\/\/chicagodesavanja.us\/en\/vesti\/vasington-dobio-poseban-memorijal-za-660-hiljada-zrtava-kovida\/","title":{"rendered":"Va\u0161ington dobio memorijal za 660 hiljada \u017ertava kovida"},"content":{"rendered":"<p class=\"wp-block-paragraph\">\u017drtvama korona virusa u SAD posve\u0107en je poseban memorijal na prostoru Va\u0161ingtonskog mola, ispod obeliska i nedaleko od spomenika prvom ameri\u010dkom predsedniku D\u017eord\u017eu Va\u0161ingtonu, ispunjen belim zastavicama.<\/p>\n\n\n\n<p class=\"wp-block-paragraph\">Vi\u0161e od 660 hiljada zastavica postavljeno u znak se\u0107anja na preminule u najve\u0107oj krizi savremenog sveta, pobu\u0111uju najdublje emocije posetilaca me\u0111u kojima je veliki broj onih koji su izgubili svoje najbli\u017ee, prenosi Glas Amerike.<\/p>\n\n\n\n<p class=\"wp-block-paragraph\">&#8222;Majka mi je preminula od kovida decembra 2020. godine. Nije bilo sahrane, ni opro\u0161taja, nismo stigle ni da se pozdravimo&#8220;, izjavila je Betani Kristi koja je majci do\u0161la da oda po\u0161tu iz obli\u017enjeg gradi\u0107a u Zapadnoj Vird\u017einiji.<\/p>\n\n\n\n<p class=\"wp-block-paragraph\">Jedan od posetilaca, smatra da bi sna\u017ena poruka koja postavka \u0161alje mogla pomo\u0107i neodlu\u010dnima u vezi sa vakcinacijom i po\u0161tovanjem mera za spre\u010davanje \u0161irenja kovida-19.<\/p>\n\n\n\n<p class=\"wp-block-paragraph\">On ukazuje na nedostatak empatije u dru\u0161tvu i apeluje na sve ljude da budu manje egocentri\u010dni.<\/p>\n\n\n\n<p class=\"wp-block-paragraph\">Autorka memorijalne postavke je Suzan Brenan Firstenberg, umetnica koja je sli\u010dnu postavku u Va\u0161ingtonu realizovala u jesen pro\u0161le godine kada je u SAD bilo 220 hiljada \u017ertava kovida-19.<\/p>\n\n\n\n<p class=\"wp-block-paragraph\">&#8222;Ova postavka predstavlja fizi\u010dku manifestaciju empatije. \u017delimo da ljudi shvate koliko je va\u017ean gubitak svakog ljudskog \u017eivota u ovoj pandemiji. Postavljanjem po jedne zastavice za svakog pojedinca koji je preminuo \u010duvamo dostojanstvo te osobe. Niko nije \u017eeleo da umre od kovida-19. Sada, vi\u0161e nego ikada pre, vreme je da patriotizam shvatimo kao za\u0161titu prava drugih&#8220;, poru\u010dila je autorka postavke i isti\u010de da joj je motiv bio podsticanje humanosti.<\/p>\n\n\n\n<p class=\"wp-block-paragraph\" style=\"font-size:10px\">SOURCE: <a href=\"https:\/\/www.euronews.rs\/svet\/fokus\/19224\/vasington-dobio-memorijal-za-660-hiljada-zrtava-kovida-bele-zastavice-za-oprostaj-od-voljenih\/vest\" target=\"_blank\" rel=\"noreferrer noopener\">EURONEWS<\/a> I FOTO: CTV NATIONAL NEWS<\/p>\n\n\n\n<p class=\"wp-block-paragraph\"><\/p>","protected":false},"excerpt":{"rendered":"<p>\u017drtvama korona virusa u SAD posve\u0107en je poseban memorijal na prostoru Va\u0161ingtonskog mola, ispod obeliska i nedaleko od spomenika prvom ameri\u010dkom predsedniku D\u017eord\u017eu Va\u0161ingtonu, ispunjen belim zastavicama. Vi\u0161e od 660 hiljada zastavica postavljeno u znak se\u0107anja na preminule u najve\u0107oj krizi savremenog sveta, pobu\u0111uju najdublje emocije posetilaca me\u0111u kojima je veliki broj onih koji su [&hellip;]<\/p>\n","protected":false},"author":3,"featured_media":2097,"comment_status":"","ping_status":"","sticky":false,"template":"","format":"standard","meta":{"footnotes":""},"categories":[368,369],"tags":[538,383,21382,35319,376,58367,41683,58368,16932,1604,53749,54373],"class_list":["post-40340","post","type-post","status-publish","format-standard","has-post-thumbnail","hentry","category-vesti-amerika","category-vesti","tag-amerika","tag-covid-19","tag-empatija","tag-humanost","tag-koronavirus","tag-memorijal","tag-pandemija-koronavirusa","tag-suzan-brenan-firstenberg","tag-vakcinacija","tag-washington","tag-zastavice","tag-zrtve-kovida"],"_links":{"self":[{"href":"https:\/\/chicagodesavanja.us\/en\/wp-json\/wp\/v2\/posts\/40340","targetHints":{"allow":["GET"]}}],"collection":[{"href":"https:\/\/chicagodesavanja.us\/en\/wp-json\/wp\/v2\/posts"}],"about":[{"href":"https:\/\/chicagodesavanja.us\/en\/wp-json\/wp\/v2\/types\/post"}],"author":[{"embeddable":true,"href":"https:\/\/chicagodesavanja.us\/en\/wp-json\/wp\/v2\/users\/3"}],"replies":[{"embeddable":true,"href":"https:\/\/chicagodesavanja.us\/en\/wp-json\/wp\/v2\/comments?post=40340"}],"version-history":[{"count":0,"href":"https:\/\/chicagodesavanja.us\/en\/wp-json\/wp\/v2\/posts\/40340\/revisions"}],"wp:featuredmedia":[{"embeddable":true,"href":"https:\/\/chicagodesavanja.us\/en\/wp-json\/wp\/v2\/media\/2097"}],"wp:attachment":[{"href":"https:\/\/chicagodesavanja.us\/en\/wp-json\/wp\/v2\/media?parent=40340"}],"wp:term":[{"taxonomy":"category","embeddable":true,"href":"https:\/\/chicagodesavanja.us\/en\/wp-json\/wp\/v2\/categories?post=40340"},{"taxonomy":"post_tag","embeddable":true,"href":"https:\/\/chicagodesavanja.us\/en\/wp-json\/wp\/v2\/tags?post=40340"}],"curies":[{"name":"WP","href":"https:\/\/api.w.org\/{rel}","templated":true}]}}