{"id":40281,"date":"2021-10-10T01:03:00","date_gmt":"2021-10-10T01:03:00","guid":{"rendered":"https:\/\/chicagodesavanja.us\/bajden-nominovao-obrajena-za-koordinatora-za-sankcije\/"},"modified":"2021-10-10T01:03:00","modified_gmt":"2021-10-10T01:03:00","slug":"bajden-nominovao-obrajena-za-koordinatora-za-sankcije","status":"publish","type":"post","link":"https:\/\/chicagodesavanja.us\/en\/vesti\/bajden-nominovao-obrajena-za-koordinatora-za-sankcije\/","title":{"rendered":"Bajden nominovao O&#8217;Brajena za koordinatora za sankcije"},"content":{"rendered":"<p class=\"wp-block-paragraph\">Predsednik SAD D\u017eozef Bajden nominovao je D\u017eejmsa O&#8217;Brajena za koordinatora za politiku sankcija ameri\u010dkog Stejt departmenta, saop\u0161teno je iz Bele ku\u0107e.<\/p>\n\n\n\n<p class=\"wp-block-paragraph\">O&#8217;Brajena mora potvrditi Senat da bi stupio na du\u017enost, odnosno da bi sprovodio re\u017eim sankcija.<\/p>\n\n\n\n<p class=\"wp-block-paragraph\">On je od 1989. do 2001. bio vi\u0161i savetnik dr\u017eavne sekretarke Medlin Olbrajt, kao prvi zamenik direktora za planiranje politika i predsedni\u010dki izaslanik za Balkan.<\/p>\n\n\n\n<p class=\"wp-block-paragraph\">\u201eTokom karijere u Stejt departmentu vodio je veliki i uspe\u0161an program sankcija i savetovao je o nizu pitanja, uklju\u010duju\u0107i mirovne pregovore u Evropi, nau\u010dne i ekolo\u0161ke sporazume i inicijative za istragu i krivi\u010dni progon osoba odgovornih za ratne zlo\u010dine\u201d, navodi se na sajtu Bele ku\u0107e, prenosi Tanjug.<\/p>\n\n\n\n<p class=\"wp-block-paragraph\">O&#8217;Brajen je trenutno direktor i potpredsednik me\u0111unarodne savetodavne firme Olbrajt Stounbrid\u017e grup.<\/p>\n\n\n\n<p class=\"wp-block-paragraph\">Biv\u0161i je zvani\u010dnik Stejt departmenta i dobitnik brojnih nagrada, a prethodno je obavljao funkciju u dvema ameri\u010dkim administracijama kao poseban predsedni\u010dki izaslanik.<\/p>\n\n\n\n<p class=\"wp-block-paragraph\"><\/p>\n\n\n\n<p class=\"wp-block-paragraph\" style=\"font-size:10px\">SOURCE: <a href=\"https:\/\/www.politika.rs\/sr\/clanak\/489293\/Bajden-nominovao-O-Brajena-za-koordinatora-za-sankcije\" target=\"_blank\" rel=\"noreferrer noopener\">Politics<\/a> I FOTO: EPA<\/p>","protected":false},"excerpt":{"rendered":"<p>Predsednik SAD D\u017eozef Bajden nominovao je D\u017eejmsa O&#8217;Brajena za koordinatora za politiku sankcija ameri\u010dkog Stejt departmenta, saop\u0161teno je iz Bele ku\u0107e. O&#8217;Brajena mora potvrditi Senat da bi stupio na du\u017enost, odnosno da bi sprovodio re\u017eim sankcija. On je od 1989. do 2001. bio vi\u0161i savetnik dr\u017eavne sekretarke Medlin Olbrajt, kao prvi zamenik direktora za planiranje [&hellip;]<\/p>\n","protected":false},"author":4,"featured_media":0,"comment_status":"","ping_status":"","sticky":false,"template":"","format":"standard","meta":{"wpai_generated_summary":"","footnotes":""},"categories":[368,369],"tags":[455,33653,58246,589,484,58247],"class_list":["post-40281","post","type-post","status-publish","format-standard","hentry","category-vesti-amerika","category-vesti","tag-bajden","tag-bajdenova-administracija","tag-dzejms-obrajen","tag-dzo-bajden-2","tag-dzozef-bajden","tag-koordinator"],"_links":{"self":[{"href":"https:\/\/chicagodesavanja.us\/en\/wp-json\/wp\/v2\/posts\/40281","targetHints":{"allow":["GET"]}}],"collection":[{"href":"https:\/\/chicagodesavanja.us\/en\/wp-json\/wp\/v2\/posts"}],"about":[{"href":"https:\/\/chicagodesavanja.us\/en\/wp-json\/wp\/v2\/types\/post"}],"author":[{"embeddable":true,"href":"https:\/\/chicagodesavanja.us\/en\/wp-json\/wp\/v2\/users\/4"}],"replies":[{"embeddable":true,"href":"https:\/\/chicagodesavanja.us\/en\/wp-json\/wp\/v2\/comments?post=40281"}],"version-history":[{"count":0,"href":"https:\/\/chicagodesavanja.us\/en\/wp-json\/wp\/v2\/posts\/40281\/revisions"}],"wp:attachment":[{"href":"https:\/\/chicagodesavanja.us\/en\/wp-json\/wp\/v2\/media?parent=40281"}],"wp:term":[{"taxonomy":"category","embeddable":true,"href":"https:\/\/chicagodesavanja.us\/en\/wp-json\/wp\/v2\/categories?post=40281"},{"taxonomy":"post_tag","embeddable":true,"href":"https:\/\/chicagodesavanja.us\/en\/wp-json\/wp\/v2\/tags?post=40281"}],"curies":[{"name":"WP","href":"https:\/\/api.w.org\/{rel}","templated":true}]}}