{"id":40210,"date":"2021-10-16T05:17:17","date_gmt":"2021-10-16T05:17:17","guid":{"rendered":"https:\/\/chicagodesavanja.us\/po-drugi-put-zatvorena-nejpervil-nort-srednja-skola\/"},"modified":"2021-10-16T05:17:17","modified_gmt":"2021-10-16T05:17:17","slug":"po-drugi-put-zatvorena-nejpervil-nort-srednja-skola","status":"publish","type":"post","link":"https:\/\/chicagodesavanja.us\/en\/vesti\/po-drugi-put-zatvorena-nejpervil-nort-srednja-skola\/","title":{"rendered":"Nejpervil Nort po drugi put za mesec dana zatvoren"},"content":{"rendered":"<p class=\"wp-block-paragraph\">Nejpervil Nort srednja \u0161kola poslala je svoje u\u010denike ku\u0107i ranije u petak zbog uzbune koju je primio kampus u zapadnom predgra\u0111u.<\/p>\n\n\n\n<p class=\"wp-block-paragraph\">\u201e\u017dao mi je \u0161to moram da vas upozorim na zatvaranje zgrade, bez mogu\u0107nosti ulaska ili izlaska iz nje,\u201c rekla je direktorka \u0161kole, Stefani Pouzi, u poruci u\u010denicima i njihovim porodicama ne\u0161to posle 09:00h.<\/p>\n\n\n\n<p class=\"wp-block-paragraph\">Sat vremena kasnije, Pouzi je rekla da \u0107e u\u010denici biti pu\u0161teni ku\u0107i ranije.<\/p>\n\n\n\n<p class=\"wp-block-paragraph\">U petak popodne, \u0161kolski zvani\u010dnici su rekli da su i u\u010denici i osoblje bezbedni i da \u0107e u petak biti odr\u017eana fudbalska utakmica, kao i plesno ve\u010de u subotu.<\/p>\n\n\n\n<p class=\"wp-block-paragraph\">\u0160kolski zvani\u010dnici i policija nisu otkrili \u0161ta je re\u010deno u uzbuni, za koju je policija rekla da je poslata Nejpervil Nort \u0161koli u vidu glasovne poruke.<\/p>\n\n\n\n<p class=\"wp-block-paragraph\">\u201eNadamo se da \u0107e se ovaj doga\u0111aj uskoro okon\u010dati,\u201c rekao je u petak ujutru policijski portparol Nejpervil \u0161kole, Mihaus Vilijams.<\/p>\n\n\n\n<p class=\"wp-block-paragraph\">Pretnja je poslata manje od mesec dana nakon \u0161to je \u0161kola ve\u0107 bila zatvorena zbog prethodne uzbune. Pretnja bombom je mejlom poslata \u0161koli pre \u010dasova 22. septembra, \u0161to je dovelo da evakuacije i otkazivanja svih \u0161kolskih i van\u0161kolskih aktivnosti.<\/p>\n\n\n\n<p class=\"wp-block-paragraph\">\u201ePolicija jo\u0161 uvek nikoga nije uhapsila, a istraga se nastavlja,\u201c rekao je Vilijams.<\/p>\n\n\n\n<p class=\"wp-block-paragraph\" style=\"font-size:10px\">SOURCE: <a href=\"https:\/\/chicago.suntimes.com\/news\/2021\/10\/15\/22728381\/naperville-north-high-school-threat\" target=\"_blank\" rel=\"noreferrer noopener\">CHICAGOSUNTIMES <\/a>Photo: UNSPLASH<\/p>","protected":false},"excerpt":{"rendered":"<p>Nejpervil Nort srednja \u0161kola poslala je svoje u\u010denike ku\u0107i ranije u petak zbog uzbune koju je primio kampus u zapadnom predgra\u0111u. \u201e\u017dao mi je \u0161to moram da vas upozorim na zatvaranje zgrade, bez mogu\u0107nosti ulaska ili izlaska iz nje,\u201c rekla je direktorka \u0161kole, Stefani Pouzi, u poruci u\u010denicima i njihovim porodicama ne\u0161to posle 09:00h. Sat [&hellip;]<\/p>\n","protected":false},"author":3,"featured_media":0,"comment_status":"","ping_status":"","sticky":false,"template":"","format":"standard","meta":{"wpai_generated_summary":"","footnotes":""},"categories":[368,369],"tags":[538,9560,58084,457,370,58085,58086,568,24267],"class_list":["post-40210","post","type-post","status-publish","format-standard","hentry","category-vesti-amerika","category-vesti","tag-amerika","tag-bomba","tag-bomba-u-skoli","tag-chicago","tag-cikago","tag-nejpervil","tag-nejpervil-nort","tag-sad","tag-srednja-skola"],"_links":{"self":[{"href":"https:\/\/chicagodesavanja.us\/en\/wp-json\/wp\/v2\/posts\/40210","targetHints":{"allow":["GET"]}}],"collection":[{"href":"https:\/\/chicagodesavanja.us\/en\/wp-json\/wp\/v2\/posts"}],"about":[{"href":"https:\/\/chicagodesavanja.us\/en\/wp-json\/wp\/v2\/types\/post"}],"author":[{"embeddable":true,"href":"https:\/\/chicagodesavanja.us\/en\/wp-json\/wp\/v2\/users\/3"}],"replies":[{"embeddable":true,"href":"https:\/\/chicagodesavanja.us\/en\/wp-json\/wp\/v2\/comments?post=40210"}],"version-history":[{"count":0,"href":"https:\/\/chicagodesavanja.us\/en\/wp-json\/wp\/v2\/posts\/40210\/revisions"}],"wp:attachment":[{"href":"https:\/\/chicagodesavanja.us\/en\/wp-json\/wp\/v2\/media?parent=40210"}],"wp:term":[{"taxonomy":"category","embeddable":true,"href":"https:\/\/chicagodesavanja.us\/en\/wp-json\/wp\/v2\/categories?post=40210"},{"taxonomy":"post_tag","embeddable":true,"href":"https:\/\/chicagodesavanja.us\/en\/wp-json\/wp\/v2\/tags?post=40210"}],"curies":[{"name":"WP","href":"https:\/\/api.w.org\/{rel}","templated":true}]}}