{"id":40184,"date":"2021-10-19T04:11:00","date_gmt":"2021-10-19T04:11:00","guid":{"rendered":"https:\/\/chicagodesavanja.us\/glavni-medicinski-savetnik-odbacuje-primedbe-konzervativnih-guvernera\/"},"modified":"2021-10-19T04:11:00","modified_gmt":"2021-10-19T04:11:00","slug":"glavni-medicinski-savetnik-odbacuje-primedbe-konzervativnih-guvernera","status":"publish","type":"post","link":"https:\/\/chicagodesavanja.us\/en\/vesti\/glavni-medicinski-savetnik-odbacuje-primedbe-konzervativnih-guvernera\/","title":{"rendered":"Fau\u010di brani obaveznu vakcinaciju protiv koronavirusa"},"content":{"rendered":"<p class=\"wp-block-paragraph\">Glavni medicinski savetnik predsednika SAD&nbsp;D\u017eoa Bajdena je branio obaveznu vakcinaciju u borbi protiv koronavirusa, odbacuju\u0107i primedbe konzervativnih republikanskih guvernera da se time kr\u0161i sloboda ljudi da kontroli\u0161u svoju zdravstvenu za\u0161titu.<\/p>\n\n\n\n<p class=\"wp-block-paragraph\">&#8222;Kada ste u javnoj zdravstvenoj krizi, ponekad neobi\u010dne situacije zahtevaju neobi\u010dne radnje&#8220;, rekao je&nbsp;dr Entoni Fau\u010di&nbsp;za Foks.&nbsp;&#8222;U ovom slu\u010daju, to su stvari poput obaveza, bilo da su to maske ili vakcinacija&#8220;.<\/p>\n\n\n\n<p class=\"wp-block-paragraph\">&#8222;One su veoma va\u017ene&#8220;,&nbsp;rekao je.&nbsp;&#8222;Ne \u017eivimo u vakuumu kao pojedinci. \u017divimo u dru\u0161tvu i dru\u0161tvo treba za\u0161tititi. A to radite ne samo \u0161tite\u0107i sebe, ve\u0107 i \u0161tite\u0107i ljude oko sebe vakcinacijom&#8220;.<\/p>\n\n\n\n<p class=\"wp-block-paragraph\">Bajden je nalo\u017eio firmama \u0161irom Sjedinjenih Dr\u017eava sa 100 ili vi\u0161e zaposlenih da prisile svoje radnike da se vakcini\u0161u ili \u010desto podvrgavaju testiranju na virus koji izaziva bolest Kovid 19, iako \u0107e pro\u0107i nekoliko nedelja pre nego \u0161to njegove direktive stupe na snagu. Osim toga, Bajden je naredio pripadnicima oru\u017eanih snaga zemlje i civilnim vladinim radnicima da se br\u017ee vakcini\u0161u pod pretnjom otpu\u0161tanja ako se ne pridr\u017eavaju nare\u0111enja.<\/p>\n\n\n\n<p class=\"wp-block-paragraph\">Bajdenovi nalozi izazvali su protivljenje nekih redovnih pripadnika vojne slu\u017ebe koji su odbili vakcinaciju i civilnih vladinih radnika koji su podneli tu\u017ebu protiv uvo\u0111enja takve obaveze.<\/p>\n\n\n\n<p class=\"wp-block-paragraph\">Osim toga, nekoliko republikanskih guvernera dr\u017eava, na prvom mestu&nbsp;Greg Abot&nbsp;u Teksasu i&nbsp;Ron DeSantis&nbsp;na Floridi, dva mogu\u0107a republikanska predsedni\u010dka Bajdenova protivnika 2024, napali su uvo\u0111enje obaveza. Obojica poku\u0161avaju da blokiraju sve obaveze u svojim dr\u017eavama iako su neke velike firme i op\u0161tinski \u0161kolski okruzi ignorisali direktive guvernera i nametnuli svoje zahteve za vakcinaciju ili masku za lice.<\/p>\n\n\n\n<p class=\"wp-block-paragraph\">&#8222;\u0160to vi\u0161e ljudi vakcini\u0161emo, manja je verovatno\u0107a da \u0107e do\u0107i do novog porasta dok ulazimo u zimu&#8220;,&nbsp;rekao je glavni medicinski savetnik.<\/p>\n\n\n\n<p class=\"wp-block-paragraph\">Fau\u010di je bio pod sve ve\u0107im napadima konzervativaca koji tvrde da njihova sloboda kontrole nad svojom zdravstvenom za\u0161titom nadma\u0161uje zabrinutost javnosti.<\/p>\n\n\n\n<p class=\"wp-block-paragraph\">Upitan za\u0161to je postao polariziraju\u0107a figura, Fau\u010di je odgovorio:&nbsp;&#8222;Ljudi koji su u teorijama zavere, koji pori\u010du stvarnost koja ih gleda pravo u o\u010di, to su ljudi koji ne brinu posebno za mene. I to je razumljivo&#8230; ponekad istina postaje nezgodna za neke ljude&#8220;.<\/p>\n\n\n\n<p class=\"wp-block-paragraph\" style=\"font-size:10px\">SOURCE: <a href=\"https:\/\/www.glasamerike.net\/a\/sjedinjene-drzave-sad-pandemija-epidemija-kovid19-vakcinacija-fauci\/6274820.html\" target=\"_blank\" rel=\"noreferrer noopener\">VOA <\/a>PHOTO: PEXELS<\/p>","protected":false},"excerpt":{"rendered":"<p>Glavni medicinski savetnik predsednika SAD&nbsp;D\u017eoa Bajdena je branio obaveznu vakcinaciju u borbi protiv koronavirusa, odbacuju\u0107i primedbe konzervativnih republikanskih guvernera da se time kr\u0161i sloboda ljudi da kontroli\u0161u svoju zdravstvenu za\u0161titu. &#8222;Kada ste u javnoj zdravstvenoj krizi, ponekad neobi\u010dne situacije zahtevaju neobi\u010dne radnje&#8220;, rekao je&nbsp;dr Entoni Fau\u010di&nbsp;za Foks.&nbsp;&#8222;U ovom slu\u010daju, to su stvari poput obaveza, bilo [&hellip;]<\/p>\n","protected":false},"author":3,"featured_media":0,"comment_status":"","ping_status":"","sticky":false,"template":"","format":"standard","meta":{"footnotes":""},"categories":[368,369],"tags":[454,55135,54628,58033,48679,41683,26113],"class_list":["post-40184","post","type-post","status-publish","format-standard","hentry","category-vesti-amerika","category-vesti","tag-anthony-fauci","tag-borba-protiv-koronavirusa","tag-entoni-fauci","tag-glavni-medicinski-savetnik","tag-obavezna-vakcinacija","tag-pandemija-koronavirusa","tag-zdravstvena-kriza"],"_links":{"self":[{"href":"https:\/\/chicagodesavanja.us\/en\/wp-json\/wp\/v2\/posts\/40184","targetHints":{"allow":["GET"]}}],"collection":[{"href":"https:\/\/chicagodesavanja.us\/en\/wp-json\/wp\/v2\/posts"}],"about":[{"href":"https:\/\/chicagodesavanja.us\/en\/wp-json\/wp\/v2\/types\/post"}],"author":[{"embeddable":true,"href":"https:\/\/chicagodesavanja.us\/en\/wp-json\/wp\/v2\/users\/3"}],"replies":[{"embeddable":true,"href":"https:\/\/chicagodesavanja.us\/en\/wp-json\/wp\/v2\/comments?post=40184"}],"version-history":[{"count":0,"href":"https:\/\/chicagodesavanja.us\/en\/wp-json\/wp\/v2\/posts\/40184\/revisions"}],"wp:attachment":[{"href":"https:\/\/chicagodesavanja.us\/en\/wp-json\/wp\/v2\/media?parent=40184"}],"wp:term":[{"taxonomy":"category","embeddable":true,"href":"https:\/\/chicagodesavanja.us\/en\/wp-json\/wp\/v2\/categories?post=40184"},{"taxonomy":"post_tag","embeddable":true,"href":"https:\/\/chicagodesavanja.us\/en\/wp-json\/wp\/v2\/tags?post=40184"}],"curies":[{"name":"WP","href":"https:\/\/api.w.org\/{rel}","templated":true}]}}