{"id":40014,"date":"2021-11-03T04:05:00","date_gmt":"2021-11-03T04:05:00","guid":{"rendered":"https:\/\/chicagodesavanja.us\/da-li-je-bezbedno-odvesti-dete-deda-mrazu-u-posetu\/"},"modified":"2021-11-03T04:05:00","modified_gmt":"2021-11-03T04:05:00","slug":"da-li-je-bezbedno-odvesti-dete-deda-mrazu-u-posetu","status":"publish","type":"post","link":"https:\/\/chicagodesavanja.us\/en\/vesti\/da-li-je-bezbedno-odvesti-dete-deda-mrazu-u-posetu\/","title":{"rendered":"Da li je bezbedno odvesti dete Deda Mrazu u posetu?"},"content":{"rendered":"<p class=\"wp-block-paragraph\">Po\u010dinje sezona praznika i ponovo su mogu\u0107e posete Deda Mrazu u prodavnicama i tr\u017enim centrima u Ilinoisu, ali koliko je to bezbedno? <\/p>\n\n\n\n<p class=\"wp-block-paragraph\">Iako \u0107e vakcinacija dece uskoro po\u010deti, do po\u010detka prazni\u010dnih tradicija deca ne\u0107e mo\u0107i da steknu postunu imunizaciju, ali glavni doktor u \u010cikagu ka\u017ee da \u0107e verovatno na snazi biti druge mere predostro\u017enosti.<\/p>\n\n\n\n<p class=\"wp-block-paragraph\"> \u201eMoja pretpostavka je da \u0107e svaki Deda Mraz biti testiran na Korona virus,\u201c rekla je doktorka Alison Arvadi, komesarka Ministarstva za javno zdravlje u \u010cikagu. <\/p>\n\n\n\n<p class=\"wp-block-paragraph\">\u201ePretpostavljam da \u0107e svaki Deda Mraz biti pa\u017eljiv i odgovoran, a i mislim da \u0107e svaki ve\u0107i tr\u017eni centar zahtevati njegovo testiranje.\u201c Dodala je da \u0107e i dalje va\u017eiti obaveza no\u0161enja maski u zatvorenom prostoru, \u0161to \u0107e dodatno smanjiti rizik od zara\u017eavanja, pogotovo za decu koja jo\u0161 uvek nemaju pravo na vakcinaciju.<\/p>\n\n\n\n<p class=\"wp-block-paragraph\"> \u201eUkoliko va\u0161e dete ima vi\u0161e od 5 godina, posle prve doze vakcine \u0107e ve\u0107 imati odre\u0111enu za\u0161titu, iako su, naravno, obe doze Fajzer vakcine neophodne za potpunu imunizaciju,\u201c rekla je Arvadi. <\/p>\n\n\n\n<p class=\"wp-block-paragraph\">Neka mesta u \u010cikagu su ve\u0107 objavila da \u0107e uskoro biti mogu\u0107e u\u017eivo posete Deda Mrazu, pri \u010demu je neophodna rezervacija termina za posetu. Deda Mraz \u0107e od 26. novembra, posle pauze usled pandemije, ponovo biti u tr\u017enom centru Gurni Mils, dostupan za posete i dru\u017eenja.<\/p>\n\n\n\n<p class=\"wp-block-paragraph\" style=\"font-size:10px\">SOURCE: <a href=\"https:\/\/www.nbcchicago.com\/news\/local\/is-it-safe-to-bring-your-child-to-see-santa-in-person-chicagos-top-doc-answers\/2668117\/\" target=\"_blank\" rel=\"noreferrer noopener\">NBCCHICAGO <\/a>Photo: UNSPLASH<\/p>","protected":false},"excerpt":{"rendered":"<p>Po\u010dinje sezona praznika i ponovo su mogu\u0107e posete Deda Mrazu u prodavnicama i tr\u017enim centrima u Ilinoisu, ali koliko je to bezbedno? Iako \u0107e vakcinacija dece uskoro po\u010deti, do po\u010detka prazni\u010dnih tradicija deca ne\u0107e mo\u0107i da steknu postunu imunizaciju, ali glavni doktor u \u010cikagu ka\u017ee da \u0107e verovatno na snazi biti druge mere predostro\u017enosti. \u201eMoja [&hellip;]<\/p>\n","protected":false},"author":3,"featured_media":0,"comment_status":"","ping_status":"","sticky":false,"template":"","format":"standard","meta":{"footnotes":""},"categories":[438],"tags":[538,457,370,15403,14867,57562,568],"class_list":["post-40014","post","type-post","status-publish","format-standard","hentry","category-lifestyle","tag-amerika","tag-chicago","tag-cikago","tag-deda-mraz","tag-nova-godina","tag-poseta-deda-mrazu","tag-sad"],"_links":{"self":[{"href":"https:\/\/chicagodesavanja.us\/en\/wp-json\/wp\/v2\/posts\/40014","targetHints":{"allow":["GET"]}}],"collection":[{"href":"https:\/\/chicagodesavanja.us\/en\/wp-json\/wp\/v2\/posts"}],"about":[{"href":"https:\/\/chicagodesavanja.us\/en\/wp-json\/wp\/v2\/types\/post"}],"author":[{"embeddable":true,"href":"https:\/\/chicagodesavanja.us\/en\/wp-json\/wp\/v2\/users\/3"}],"replies":[{"embeddable":true,"href":"https:\/\/chicagodesavanja.us\/en\/wp-json\/wp\/v2\/comments?post=40014"}],"version-history":[{"count":0,"href":"https:\/\/chicagodesavanja.us\/en\/wp-json\/wp\/v2\/posts\/40014\/revisions"}],"wp:attachment":[{"href":"https:\/\/chicagodesavanja.us\/en\/wp-json\/wp\/v2\/media?parent=40014"}],"wp:term":[{"taxonomy":"category","embeddable":true,"href":"https:\/\/chicagodesavanja.us\/en\/wp-json\/wp\/v2\/categories?post=40014"},{"taxonomy":"post_tag","embeddable":true,"href":"https:\/\/chicagodesavanja.us\/en\/wp-json\/wp\/v2\/tags?post=40014"}],"curies":[{"name":"WP","href":"https:\/\/api.w.org\/{rel}","templated":true}]}}