{"id":39839,"date":"2021-11-20T05:11:36","date_gmt":"2021-11-20T05:11:36","guid":{"rendered":"https:\/\/chicagodesavanja.us\/zena-iz-indijane-prodala-svoju-cerku-drugom-muskarcu\/"},"modified":"2021-11-20T05:11:36","modified_gmt":"2021-11-20T05:11:36","slug":"zena-iz-indijane-prodala-svoju-cerku-drugom-muskarcu","status":"publish","type":"post","link":"https:\/\/chicagodesavanja.us\/en\/vesti\/zena-iz-indijane-prodala-svoju-cerku-drugom-muskarcu\/","title":{"rendered":"\u017dena iz Indijane prodala svoju 13-godi\u0161nju c\u0301erku 27-godi\u0161njem mu\u0161karcu"},"content":{"rendered":"<p class=\"wp-block-paragraph\">\u017dena iz Indijane navodno je prodala svoju 13-godi\u0161nju \u0107erku 27-godi\u0161njem mu\u0161karcu pre nego \u0161to su je ona i njen mu\u017e naterali da se uda za njega, a zatim proslavila ven\u010danje, saop\u0161tile su vlasti.<\/p>\n\n\n\n<p class=\"wp-block-paragraph\">Majka devoj\u010dice, identifikovana kao Se Dar Be (37), optu\u017eena je za prodaju dece gde optu\u017eeni prenosi ili dobija imovinu zbog prestanka brige o izdr\u017eavanom licu i zanemarivanja izdr\u017eavanog lica, izve\u0161tava The Journal Gazette.<\/p>\n\n\n\n<p class=\"wp-block-paragraph\">Mu\u0161karac od 27 godina, Zi Kdi Ja, tako\u0111e je optu\u017een. On se suo\u010dava sa optu\u017ebama za podvo\u0111enje dece i zanemarivanje izdr\u017eavanog lica.<\/p>\n\n\n\n<p class=\"wp-block-paragraph\">Raspisane su poternice za hap\u0161enje Ja i devoj\u010dicine majke. U sudskim spisima nisu navedeni advokati koji bi mogli da govore u ime bilo kojeg od njih.<\/p>\n\n\n\n<p class=\"wp-block-paragraph\">Policija se ume\u0161ala kada je prijateljica devojke pozvala policiju Fort Vejna 20. decembra 2020. da ka\u017ee da je njena prijateljica te no\u0107i bila primorana da se uda za odraslu osobu, prema sudskim dokumentima.<\/p>\n\n\n\n<p class=\"wp-block-paragraph\">Policajci su stigli na \u017eurku i na zidu videli znak koji slavi ven\u010danje, navodi se u sudskim dokumentima. Odrasli su negirali da je to bila svadba, rekav\u0161i da je to bila &#8222;samo veridba izme\u0111u devojke i Zi Kdi Ja&#8220;, prema sudskim zapisima.<\/p>\n\n\n\n<p class=\"wp-block-paragraph\">Ali kada je policija razgovarala sa devojkom, ona je rekla da su njeni roditelji sedam dana pre proslave potpisali papire na burmanskom, ugovaraju\u0107i brak.<\/p>\n\n\n\n<p class=\"wp-block-paragraph\">Sudski zapisnici navode da je Ja devoj\u010dici dao zlatnu narukvicu, ogrlicu i oko 2.000 dolara u gotovini, koje je ona predala roditeljima. U tom trenutku se smatrala udatom i preseljena je kod Ja i morala je da deli krevet sa njim, prema sudskim dokumentima.<\/p>\n\n\n\n<p class=\"wp-block-paragraph\">Kada je Ja navodno poku\u0161ao da dodirne devojku preko ode\u0107e, ona je vikala na njega da je ostavi na miru, navodi se u sudskim spisima.<\/p>\n\n\n\n<p class=\"wp-block-paragraph\">Govorio joj je tekstove iz Biblije i rekao joj: \u201eSada te posedujem. Mogu da te nateram da radi\u0161 \u0161ta god ho\u0107u.\u201c, navodi se u sudskim dokumentima, u kojima se tako\u0111e navodi da je devoj\u010dica rekla da su joj roditelji rekli da \u201etreba da ima seks sa Ja jer je sada on njen mu\u017e.&#8220;<\/p>\n\n\n\n<p class=\"wp-block-paragraph\">Ja je navodno rekao policijskom istra\u017eitelju da je zabavom trebalo da se proslavi veridba i ven\u010danje. On je priznao da se devojka uselila kod njega nakon \u0161to su potpisali papire, ali je negirao da su ostali u istom krevetu i rekao da su ven\u010danje zaustavili policija i Ministarstvo za decu, navodi se u sudskim dokumentima.<\/p>\n\n\n\n<p class=\"wp-block-paragraph\">Ja je rekao policiji da je devojci dao novac i zlato, a devojka mu je rekla da je novac dala svom ocu, navodi se u sudskim dokumentima.<\/p>\n\n\n\n<p class=\"wp-block-paragraph\">Majka devoj\u010dice rekla je policiji da se njena \u0107erka \u201esamo verila i da se ne\u0107e udati dok ne napuni 18 godina\u201c, navodi se u evidenciji. Rekla je da su ona i njen mu\u017e iskoristili 2.000 dolara od Ja da kupe hranu za zabavu i \u0161minku za svoju \u0107erku, navodi se u sudskim dokumentima.<\/p>\n\n\n\n<p class=\"wp-block-paragraph\">Otac, koji nije optu\u017een, rekao je policiji da nikada nije primio novac i da &#8222;nije znao ni\u0161ta o novcu koji je dat \u017ertvi&#8220;, navodi se u sudskim dokumentima.<\/p>\n\n\n\n<p class=\"wp-block-paragraph\" style=\"font-size:10px\">SOURCE: <a href=\"https:\/\/www.nbcchicago.com\/news\/local\/indiana-woman-allegedly-sold-her-daughter-13-to-man-27\/2689766\/\" target=\"_blank\" rel=\"noreferrer noopener\">NBCCHICAGO<\/a> Photo: UNSPLASH<\/p>","protected":false},"excerpt":{"rendered":"<p>\u017dena iz Indijane navodno je prodala svoju 13-godi\u0161nju \u0107erku 27-godi\u0161njem mu\u0161karcu pre nego \u0161to su je ona i njen mu\u017e naterali da se uda za njega, a zatim proslavila ven\u010danje, saop\u0161tile su vlasti. Majka devoj\u010dice, identifikovana kao Se Dar Be (37), optu\u017eena je za prodaju dece gde optu\u017eeni prenosi ili dobija imovinu zbog prestanka brige [&hellip;]<\/p>\n","protected":false},"author":3,"featured_media":0,"comment_status":"","ping_status":"","sticky":false,"template":"","format":"standard","meta":{"wpai_generated_summary":"","footnotes":""},"categories":[368,369],"tags":[57130,538,457,370,57131,568,57132,57133],"class_list":["post-39839","post","type-post","status-publish","format-standard","hentry","category-vesti-amerika","category-vesti","tag-13-godisnja-cerka","tag-amerika","tag-chicago","tag-cikago","tag-majka-prodala-cerku","tag-sad","tag-zena-iz-indijane","tag-zena-prodala-cerku"],"_links":{"self":[{"href":"https:\/\/chicagodesavanja.us\/en\/wp-json\/wp\/v2\/posts\/39839","targetHints":{"allow":["GET"]}}],"collection":[{"href":"https:\/\/chicagodesavanja.us\/en\/wp-json\/wp\/v2\/posts"}],"about":[{"href":"https:\/\/chicagodesavanja.us\/en\/wp-json\/wp\/v2\/types\/post"}],"author":[{"embeddable":true,"href":"https:\/\/chicagodesavanja.us\/en\/wp-json\/wp\/v2\/users\/3"}],"replies":[{"embeddable":true,"href":"https:\/\/chicagodesavanja.us\/en\/wp-json\/wp\/v2\/comments?post=39839"}],"version-history":[{"count":0,"href":"https:\/\/chicagodesavanja.us\/en\/wp-json\/wp\/v2\/posts\/39839\/revisions"}],"wp:attachment":[{"href":"https:\/\/chicagodesavanja.us\/en\/wp-json\/wp\/v2\/media?parent=39839"}],"wp:term":[{"taxonomy":"category","embeddable":true,"href":"https:\/\/chicagodesavanja.us\/en\/wp-json\/wp\/v2\/categories?post=39839"},{"taxonomy":"post_tag","embeddable":true,"href":"https:\/\/chicagodesavanja.us\/en\/wp-json\/wp\/v2\/tags?post=39839"}],"curies":[{"name":"WP","href":"https:\/\/api.w.org\/{rel}","templated":true}]}}