{"id":39810,"date":"2021-11-23T03:41:02","date_gmt":"2021-11-23T03:41:02","guid":{"rendered":"https:\/\/chicagodesavanja.us\/autobus-iz-makedonije-izgoreo-u-bugarskoj\/"},"modified":"2021-11-23T03:41:02","modified_gmt":"2021-11-23T03:41:02","slug":"autobus-iz-makedonije-izgoreo-u-bugarskoj","status":"publish","type":"post","link":"https:\/\/chicagodesavanja.us\/en\/vesti\/autobus-iz-makedonije-izgoreo-u-bugarskoj\/","title":{"rendered":"Autobus iz Makedonije izgoreo u Bugarskoj, stradalo 46 putnika"},"content":{"rendered":"<p class=\"wp-block-paragraph\">Najmanje 46 ljudi poginulo je kada se zapalio autobus severnomakedonskih tablica na autoputu u zapadnoj Bugarskoj. Kao mogu\u0107e uzroke nesre\u0107e autobusa sa severnomakedonskim tablicama u Bugarskoj, direktor bugarske policije Borislav Sarafov naveo je \u201egre\u0161ku voza\u010da ili za sada neutvr\u0111enu tehni\u010dku neispravnost\u201d vozila.<\/p>\n\n\n\n<p class=\"wp-block-paragraph\">Bugarskih ministar unutra\u0161njih poslova Bojko Ra\u0161kov rekao da je za\u0161titna ograda autoputa probijena i da je po\u017ear u autobusu mo\u017eda izbio kao posledica kontakta vozila sa ogradom, prenosi agencija MIA.<\/p>\n\n\n\n<p class=\"wp-block-paragraph\">Nesre\u0107u je pre\u017eivelo sedmoro putnika, koji su zbrinuti u bolnici u Sofiji i sada nalazi u stabilnom stanju, izjavio je jedan zvani\u010dnik slu\u017ebe hitne pomo\u0107i, prenosi Tanjug.<\/p>\n\n\n\n<p class=\"wp-block-paragraph\">Ministar Ra\u0161kov je u me\u0111uvremenu izjavio da je ustanovljeno da su tela svih poginulih imala te\u0161ke opekotine, preneo je Bi-Bi-Si.<\/p>\n\n\n\n<p class=\"wp-block-paragraph\">Iz Skoplja je stigla potvrda da se premijer Severne Makedonije Zoran Zajev uputio u Bugarsku i da su sa njim krenuli ministar zdravstva Venko Filip\u010de i ministar spoljnih poslova Bujar Osmani.<\/p>\n\n\n\n<p class=\"wp-block-paragraph\">Zajev je potvrdio da su se ka Bugarskoj uputili i pripadnici severnomakedonskih nadle\u017enih slu\u017ebi, a bugarska BTA je javila da su i bugarski predsednik Rumen Radev i premijer Stefan Janev na mestu tragi\u010dne nesre\u0107e.<\/p>\n\n\n\n<p class=\"wp-block-paragraph\">Janev je potvrdio novinarima da je istraga u toku i uputio je izraze sau\u010de\u0161\u0107a porodicama nastradalih.<\/p>\n\n\n\n<p class=\"wp-block-paragraph\">\u201eDogodila se stra\u0161na tragedija, nemam ni\u0161ta dobro da ka\u017eem. Ostavimo istra\u017ene organe da obave svoj posao\u201d, poru\u010dio je Janev.<\/p>\n\n\n\n<p class=\"wp-block-paragraph\">Ve\u0107ina \u017ertava nesre\u0107e su gra\u0111ani Severne Makedonije, saop\u0161tio je ranije zvani\u010dnik ambasade Severne Makedonije u Sofiji, a agencija MIA prenela je da je me\u0111u poginulima i 12 maloletnih lica, od kojih su dvojica bili bra\u0107a blizanci.<\/p>\n\n\n\n<p class=\"wp-block-paragraph\">Me\u0111u 46 putnika koji su poginuli najvi\u0161e je bilo dr\u017eavljana Severne Makedonije, ali i jedan dr\u017eavljanin Srbije iz Pre\u0161eva, koji je sa verenicom iz Kumanova putovao u Istanbul, izjavio je premijer Zoran Zaev.<\/p>\n\n\n\n<p class=\"wp-block-paragraph\">Autobus, koji se vra\u0107ao iz Istanbula, sino\u0107 oko 9 sati pre\u0161ao je granicu na prelazu Kapetan Andrejevo, a bugarski mediji su preneli da se nesre\u0107a dogodila jutros oko 3 sata na autoputu Sofija-Blagojevgrad, kod mesta Bosnek, na 31. kilometru od Sofije.<\/p>\n\n\n\n<p class=\"wp-block-paragraph\">Na ovom delu autoputa dogodila se te\u0161ka saobra\u0107ajna nesre\u0107a 1996. godine u kojoj je poginulo 16 ljudi.<\/p>\n\n\n\n<p class=\"wp-block-paragraph\"><\/p>\n\n\n\n<p class=\"wp-block-paragraph\" style=\"font-size:10px\">SOURCE: <a href=\"https:\/\/www.politika.rs\/sr\/clanak\/492794\/Autobus-iz-Makedonije-izgoreo-u-Bugarskoj-stradalo-46-putnika\" target=\"_blank\" rel=\"noreferrer noopener\">Politics<\/a> PHOTO: SCREENSHOT<\/p>","protected":false},"excerpt":{"rendered":"<p>Najmanje 46 ljudi poginulo je kada se zapalio autobus severnomakedonskih tablica na autoputu u zapadnoj Bugarskoj. Kao mogu\u0107e uzroke nesre\u0107e autobusa sa severnomakedonskim tablicama u Bugarskoj, direktor bugarske policije Borislav Sarafov naveo je \u201egre\u0161ku voza\u010da ili za sada neutvr\u0111enu tehni\u010dku neispravnost\u201d vozila. Bugarskih ministar unutra\u0161njih poslova Bojko Ra\u0161kov rekao da je za\u0161titna ograda autoputa probijena [&hellip;]<\/p>\n","protected":false},"author":4,"featured_media":0,"comment_status":"","ping_status":"","sticky":false,"template":"","format":"standard","meta":{"footnotes":""},"categories":[431,369],"tags":[18751,15290,34875,1045,14203,36199,57037],"class_list":["post-39810","post","type-post","status-publish","format-standard","hentry","category-svet","category-vesti","tag-autobus","tag-bugarska","tag-nesreca","tag-saobracajna-nesreca","tag-severna-makedonija","tag-tragedija","tag-zoran-zaev"],"_links":{"self":[{"href":"https:\/\/chicagodesavanja.us\/en\/wp-json\/wp\/v2\/posts\/39810","targetHints":{"allow":["GET"]}}],"collection":[{"href":"https:\/\/chicagodesavanja.us\/en\/wp-json\/wp\/v2\/posts"}],"about":[{"href":"https:\/\/chicagodesavanja.us\/en\/wp-json\/wp\/v2\/types\/post"}],"author":[{"embeddable":true,"href":"https:\/\/chicagodesavanja.us\/en\/wp-json\/wp\/v2\/users\/4"}],"replies":[{"embeddable":true,"href":"https:\/\/chicagodesavanja.us\/en\/wp-json\/wp\/v2\/comments?post=39810"}],"version-history":[{"count":0,"href":"https:\/\/chicagodesavanja.us\/en\/wp-json\/wp\/v2\/posts\/39810\/revisions"}],"wp:attachment":[{"href":"https:\/\/chicagodesavanja.us\/en\/wp-json\/wp\/v2\/media?parent=39810"}],"wp:term":[{"taxonomy":"category","embeddable":true,"href":"https:\/\/chicagodesavanja.us\/en\/wp-json\/wp\/v2\/categories?post=39810"},{"taxonomy":"post_tag","embeddable":true,"href":"https:\/\/chicagodesavanja.us\/en\/wp-json\/wp\/v2\/tags?post=39810"}],"curies":[{"name":"WP","href":"https:\/\/api.w.org\/{rel}","templated":true}]}}