{"id":39732,"date":"2021-12-01T04:19:00","date_gmt":"2021-12-01T04:19:00","guid":{"rendered":"https:\/\/chicagodesavanja.us\/nove-informacije-o-pucnjavi-u-micigenu\/"},"modified":"2021-12-01T04:19:00","modified_gmt":"2021-12-01T04:19:00","slug":"nove-informacije-o-pucnjavi-u-micigenu","status":"publish","type":"post","link":"https:\/\/chicagodesavanja.us\/en\/vesti\/nove-informacije-o-pucnjavi-u-micigenu\/","title":{"rendered":"Nove informacije o pucnjavi u Mi\u010digenu, u\u010deniku koji je ubio \u010detvoro \u0107e se suditi za ubistvo"},"content":{"rendered":"<p class=\"wp-block-paragraph\">Petnaestogodi\u0161nji u\u010denik optu\u017een da je otvorio vatru na svoje drugove iz razreda u srednjoj \u0161koli u Mi\u010digenu, ubiv\u0161i 4 i raniv\u0161i 7 u utorak 30. novembra, suo\u010di\u0107e se sa nizom krivi\u010dnih prijava, uklju\u010duju\u0107i optu\u017ebe za ubistvo prvog stepena i terorizam, rekao je glavni tu\u017eilac okruga Oukland.<\/p>\n\n\n\n<p class=\"wp-block-paragraph\">Tu\u017eiteljka Karen Mekdonald objavila je optu\u017ebe i identifikovala tinejd\u017eera kao u\u010denika srednje\u0161kole u \u200b\u200bOksfordu, Itana Kramlija, napominju\u0107i da \u0107e biti optu\u017een kao odrasla osoba. On \u0107e biti saslu\u0161an i mogao bi da se suo\u010di sa do\u017eivotnom robijom.<\/p>\n\n\n\n<p class=\"wp-block-paragraph\">On \u0107e se suo\u010diti sa jednom optu\u017ebom za terorizam koji je prouzrokovao smrt, sa \u010detiri optu\u017ebe za ubistvo prvog stepena, sedam optu\u017ebi za napad sa namerom ubistva i 12 optu\u017ebi za posedovanje vatrenog oru\u017eja i izvr\u0161enja krivi\u010dnog dela, rekla je Mekdonald.<\/p>\n\n\n\n<p class=\"wp-block-paragraph\">Vlasti ka\u017eu da je tinejd\u017eer koristio pi\u0161tolj koji je kupio njegov otac na Crni petak, samo nekoliko dana pre napada u \u0161koli u Mi\u010digenu. McDonald je rekla da njena kancelarija razmatra krivi\u010dne prijave protiv roditelja osumnji\u010denog. Ona je rekla da je odgovorno posedovanje oru\u017eja klju\u010dno za zaustavljanje ovakvih tragedija \u201eoni koji to ne urade treba da budu i bice ka\u017enjeni\u201c.<\/p>\n\n\n\n<p class=\"wp-block-paragraph\" style=\"font-size:10px\">SOURCE: <a href=\"https:\/\/www.usatoday.com\/story\/news\/nation\/2021\/12\/01\/oxford-high-school-shooting-michigan-updates\/8819483002\/\" target=\"_blank\" rel=\"noreferrer noopener\">USATODAY <\/a>Photo: UNSPLASH<\/p>","protected":false},"excerpt":{"rendered":"<p>Petnaestogodi\u0161nji u\u010denik optu\u017een da je otvorio vatru na svoje drugove iz razreda u srednjoj \u0161koli u Mi\u010digenu, ubiv\u0161i 4 i raniv\u0161i 7 u utorak 30. novembra, suo\u010di\u0107e se sa nizom krivi\u010dnih prijava, uklju\u010duju\u0107i optu\u017ebe za ubistvo prvog stepena i terorizam, rekao je glavni tu\u017eilac okruga Oukland. Tu\u017eiteljka Karen Mekdonald objavila je optu\u017ebe i identifikovala tinejd\u017eera [&hellip;]<\/p>\n","protected":false},"author":3,"featured_media":0,"comment_status":"","ping_status":"","sticky":false,"template":"","format":"standard","meta":{"footnotes":""},"categories":[368,369],"tags":[538,457,370,37445,3165,51618,55328,568,56833],"class_list":["post-39732","post","type-post","status-publish","format-standard","hentry","category-vesti-amerika","category-vesti","tag-amerika","tag-chicago","tag-cikago","tag-micigen","tag-pucnjava","tag-pucnjava-u-micigenu","tag-pucnjava-u-srednjoj-skoli","tag-sad","tag-ucenik-ubio-cetvoro"],"_links":{"self":[{"href":"https:\/\/chicagodesavanja.us\/en\/wp-json\/wp\/v2\/posts\/39732","targetHints":{"allow":["GET"]}}],"collection":[{"href":"https:\/\/chicagodesavanja.us\/en\/wp-json\/wp\/v2\/posts"}],"about":[{"href":"https:\/\/chicagodesavanja.us\/en\/wp-json\/wp\/v2\/types\/post"}],"author":[{"embeddable":true,"href":"https:\/\/chicagodesavanja.us\/en\/wp-json\/wp\/v2\/users\/3"}],"replies":[{"embeddable":true,"href":"https:\/\/chicagodesavanja.us\/en\/wp-json\/wp\/v2\/comments?post=39732"}],"version-history":[{"count":0,"href":"https:\/\/chicagodesavanja.us\/en\/wp-json\/wp\/v2\/posts\/39732\/revisions"}],"wp:attachment":[{"href":"https:\/\/chicagodesavanja.us\/en\/wp-json\/wp\/v2\/media?parent=39732"}],"wp:term":[{"taxonomy":"category","embeddable":true,"href":"https:\/\/chicagodesavanja.us\/en\/wp-json\/wp\/v2\/categories?post=39732"},{"taxonomy":"post_tag","embeddable":true,"href":"https:\/\/chicagodesavanja.us\/en\/wp-json\/wp\/v2\/tags?post=39732"}],"curies":[{"name":"WP","href":"https:\/\/api.w.org\/{rel}","templated":true}]}}