{"id":39709,"date":"2021-12-03T02:43:00","date_gmt":"2021-12-03T02:43:00","guid":{"rendered":"https:\/\/chicagodesavanja.us\/sebastijan-kurc-se-povlaci-iz-politike\/"},"modified":"2021-12-03T02:43:00","modified_gmt":"2021-12-03T02:43:00","slug":"sebastijan-kurc-se-povlaci-iz-politike","status":"publish","type":"post","link":"https:\/\/chicagodesavanja.us\/en\/vesti\/sebastijan-kurc-se-povlaci-iz-politike\/","title":{"rendered":"Sebastijan Kurc se povla\u010di iz politike"},"content":{"rendered":"<p class=\"wp-block-paragraph\">Biv\u0161i austrijski kancelar Sebastijan Kurc potpuno se povla\u010di iz politike. Sa samo 35 godina on postaje stari kancelar \u2013 Altkanzler, kako Austrijanci zovu svoje kancelare nakon odlaska sa te funkcije.<\/p>\n\n\n\n<p class=\"wp-block-paragraph\">Na konferenciji za medije, odr\u017eanoj u Diplomatskoj akademiji konzervativne stranke u Be\u010du, Sebastijan Kurc je izjavio kako je &#8222;zahvalan za priliku da deset godina deluje u austrijskoj politici i slu\u017ei svojoj zemlji&#8220;.<\/p>\n\n\n\n<p class=\"wp-block-paragraph\">U me\u0111uvremenu je politika za njega, kako ka\u017ee, izgubila svaki smisao, jer se poslednjih meseci vi\u0161e nije radilo o idejama i re\u0161enjima, ve\u0107 &#8222;isklju\u010divo o odbrani od optu\u017ebi i progona&#8220;.<\/p>\n\n\n\n<p class=\"wp-block-paragraph\">&#8222;Napravio sam i gre\u0161ke, ali niti sam svetac niti prestupnik. Radujem se danu kada \u0107u pred sudom dokazati da su optu\u017ebe protiv mene neosnovane&#8220;, poru\u010dio je Kurc.<\/p>\n\n\n\n<p class=\"wp-block-paragraph\">Prve procene komentatora na ORF-u polaze od toga da potpuno povla\u010denje Sebastijana Kurca iz politike komplikuje situaciju. Ako ga na mestu \u0161efa partije i parlamentarne frakcije smeni Karl Nehamer, postavlja se pitanje \u0161ta onda radi Aleksander \u0160alenberg na mestu kancelara.<\/p>\n\n\n\n<p class=\"wp-block-paragraph\">To bi zna\u010dilo nove izbore, a njih ovog trenutka koalicioni partneri ne \u017eele.&nbsp;Spremnost javnosti da se ide na izbore je tako\u0111e mala, barem ovog trenutka.&nbsp;&nbsp;<\/p>\n\n\n\n<p class=\"wp-block-paragraph\">Odlaskom Sebastijana Kurca slabi ugled centralne vlasti, ja\u010daju politi\u010dke pozicije u federalnim jedinicama. Politi\u010dki je &#8222;Be\u010d&#8220; danas postao decentralizovani pojam.<\/p>\n\n\n\n<p class=\"wp-block-paragraph\">Sebastijan Kurc je bio\u00a0\u0161ef austrijske Vlade u dva prekinuta mandata, od decembra 2017. do maja 2019. i od januara 2020. do oktobra 2021. godine.<\/p>\n\n\n\n<p class=\"wp-block-paragraph\">Prvi put je njegova Vlada pala zbog korupcije koalicionog partnera, slobodara Hajnca Kristijana&nbsp;\u0160trahea. Dr\u017eavno tu\u017eila\u0161tvo za borbu protiv korupcije je tada otvorilo istragu protiv Slobodarske partije i tom prilikom polako pro\u0161irivalo interese i na prilike u vladaju\u0107oj konzervativnoj stranci OVP.<\/p>\n\n\n\n<p class=\"wp-block-paragraph\">Proletos je Tu\u017eila\u0161tvo otvorilo istragu protiv tada kancelara Kurca i njegovog naju\u017eeg tima.<\/p>\n\n\n\n<p class=\"wp-block-paragraph\"><\/p>\n\n\n\n<p class=\"wp-block-paragraph\" style=\"font-size:10px\">SOURCE: <a href=\"https:\/\/www.rts.rs\/page\/stories\/sr\/story\/11\/region\/4612257\/sebastijan-kurc-se-povlaci-iz-politike.html\" target=\"_blank\" rel=\"noreferrer noopener\">RTS<\/a> PHOTO: SCREENSHOT<\/p>","protected":false},"excerpt":{"rendered":"<p>Biv\u0161i austrijski kancelar Sebastijan Kurc potpuno se povla\u010di iz politike. Sa samo 35 godina on postaje stari kancelar \u2013 Altkanzler, kako Austrijanci zovu svoje kancelare nakon odlaska sa te funkcije. Na konferenciji za medije, odr\u017eanoj u Diplomatskoj akademiji konzervativne stranke u Be\u010du, Sebastijan Kurc je izjavio kako je &#8222;zahvalan za priliku da deset godina deluje [&hellip;]<\/p>\n","protected":false},"author":4,"featured_media":0,"comment_status":"","ping_status":"","sticky":false,"template":"","format":"standard","meta":{"wpai_generated_summary":"","footnotes":""},"categories":[431,369],"tags":[46824,528,31691,1919,973,2607,56774,44621,56775],"class_list":["post-39709","post","type-post","status-publish","format-standard","hentry","category-svet","category-vesti","tag-afere","tag-austrija","tag-kancelar","tag-ostavka","tag-politika","tag-povlacenje","tag-sebastian-kurz","tag-sebastijan-kurc","tag-vlada-austrije"],"_links":{"self":[{"href":"https:\/\/chicagodesavanja.us\/en\/wp-json\/wp\/v2\/posts\/39709","targetHints":{"allow":["GET"]}}],"collection":[{"href":"https:\/\/chicagodesavanja.us\/en\/wp-json\/wp\/v2\/posts"}],"about":[{"href":"https:\/\/chicagodesavanja.us\/en\/wp-json\/wp\/v2\/types\/post"}],"author":[{"embeddable":true,"href":"https:\/\/chicagodesavanja.us\/en\/wp-json\/wp\/v2\/users\/4"}],"replies":[{"embeddable":true,"href":"https:\/\/chicagodesavanja.us\/en\/wp-json\/wp\/v2\/comments?post=39709"}],"version-history":[{"count":0,"href":"https:\/\/chicagodesavanja.us\/en\/wp-json\/wp\/v2\/posts\/39709\/revisions"}],"wp:attachment":[{"href":"https:\/\/chicagodesavanja.us\/en\/wp-json\/wp\/v2\/media?parent=39709"}],"wp:term":[{"taxonomy":"category","embeddable":true,"href":"https:\/\/chicagodesavanja.us\/en\/wp-json\/wp\/v2\/categories?post=39709"},{"taxonomy":"post_tag","embeddable":true,"href":"https:\/\/chicagodesavanja.us\/en\/wp-json\/wp\/v2\/tags?post=39709"}],"curies":[{"name":"WP","href":"https:\/\/api.w.org\/{rel}","templated":true}]}}