{"id":39678,"date":"2021-12-06T03:02:00","date_gmt":"2021-12-06T03:02:00","guid":{"rendered":"https:\/\/chicagodesavanja.us\/mmf-smanjuje-prognozu-svetskog-rasta\/"},"modified":"2021-12-06T03:02:00","modified_gmt":"2021-12-06T03:02:00","slug":"mmf-smanjuje-prognozu-svetskog-rasta","status":"publish","type":"post","link":"https:\/\/chicagodesavanja.us\/en\/vesti\/mmf-smanjuje-prognozu-svetskog-rasta\/","title":{"rendered":"MMF smanjuje prognozu svetskog rasta zbog novog soja koronavirusa"},"content":{"rendered":"<p class=\"wp-block-paragraph\">Me\u0111unarodni monetarni fond (MMF) planira da smanji svoju prognozu svetskog rasta zbog novog soja koronavirusa omikron koji se \u0161iri u svetu, izjavila je generalna direktorka te institucije Kristalina Georgijeva.<\/p>\n\n\n\n<p class=\"wp-block-paragraph\">\u201eNovi soj virusa koji mo\u017ee da se \u0161iri vrlo brzo mo\u017ee da poljulja poverenje i u tom smislu mi \u0107emo verovatno imati reviziju na ni\u017ee na\u0161ih projekcija svetskog rasta iz oktobra\u201c, rekla je Georgijeva na konferenciji Rojters Nekst.<\/p>\n\n\n\n<p class=\"wp-block-paragraph\">MMF je u oktobru ve\u0107 smanjio predivjanja za rast bruto doma\u0107eg proizvoda sveta na 5,9 odsto u odnosu na 6.0 odsto koliko je prognozirao u julu, zbog logisti\u010dkih problema i neujedna\u010dene vakcinacije.<\/p>\n\n\n\n<p class=\"wp-block-paragraph\">Za idu\u0107u godinu MMF je u oktobru prognozirao rast od 4,9 odsto, nepromenjeno u odnosu na juli.<\/p>\n\n\n\n<p class=\"wp-block-paragraph\">Po\u010detkom oktobra MMF je ve\u0107 nagovestio da bi svetski rast mogao da bude slabiji nego \u0161to je predvi\u0111eno zbog jo\u0161 nere\u0161enih zastoja u lancima snabdevanja, \u0161to je uticalo na rast inflacije u svetu.<\/p>\n\n\n\n<p class=\"wp-block-paragraph\">\u201e\u010cak i pre dolaska ovog novog soja strahovali smo da je oporavak, mada se nastavlja izgubio malo svoj zamah\u201c, rekla je Georgijeva.<\/p>\n\n\n\n<p class=\"wp-block-paragraph\">Ona je rekla da je rast dve glavne svetske privrede, SAD i Kine ve\u0107 usperen sojem delta koji se pro\u0161irio krajem leta i tokom jeseni.<\/p>\n\n\n\n<p class=\"wp-block-paragraph\">MMF obi\u010dno u januaru objavljuje reviziju svoje prognoze iz oktobra.<\/p>\n\n\n\n<p class=\"wp-block-paragraph\">Novi soj koronavirusa omikron prvi put je prijavljen u Ju\u017enoj Africi 24. novembra i od tada se pojavio u vi\u0161e desetina zemalja.<\/p>\n\n\n\n<p class=\"wp-block-paragraph\"><\/p>\n\n\n\n<p class=\"wp-block-paragraph\" style=\"font-size:10px\">SOURCE: <a href=\"https:\/\/rs.n1info.com\/biznis\/mmf-smanjuje-prognozu-svetskog-rasta-zbog-novog-soja-koronavirusa\/\" target=\"_blank\" rel=\"noreferrer noopener\">N1<\/a> PHOTO: SCREENSHOT<\/p>","protected":false},"excerpt":{"rendered":"<p>Me\u0111unarodni monetarni fond (MMF) planira da smanji svoju prognozu svetskog rasta zbog novog soja koronavirusa omikron koji se \u0161iri u svetu, izjavila je generalna direktorka te institucije Kristalina Georgijeva. \u201eNovi soj virusa koji mo\u017ee da se \u0161iri vrlo brzo mo\u017ee da poljulja poverenje i u tom smislu mi \u0107emo verovatno imati reviziju na ni\u017ee na\u0161ih [&hellip;]<\/p>\n","protected":false},"author":4,"featured_media":0,"comment_status":"","ping_status":"","sticky":false,"template":"","format":"standard","meta":{"footnotes":""},"categories":[431,369],"tags":[376,9479,9480,55978,49987,29052,380,41683,31498,48424,56681],"class_list":["post-39678","post","type-post","status-publish","format-standard","hentry","category-svet","category-vesti","tag-koronavirus","tag-medjunarodni-monetarni-fond","tag-mmf","tag-novi-soj-virusa","tag-omikron","tag-omikron-soj","tag-pandemija","tag-pandemija-koronavirusa","tag-privredni-rast","tag-rast","tag-svetski-rast"],"_links":{"self":[{"href":"https:\/\/chicagodesavanja.us\/en\/wp-json\/wp\/v2\/posts\/39678","targetHints":{"allow":["GET"]}}],"collection":[{"href":"https:\/\/chicagodesavanja.us\/en\/wp-json\/wp\/v2\/posts"}],"about":[{"href":"https:\/\/chicagodesavanja.us\/en\/wp-json\/wp\/v2\/types\/post"}],"author":[{"embeddable":true,"href":"https:\/\/chicagodesavanja.us\/en\/wp-json\/wp\/v2\/users\/4"}],"replies":[{"embeddable":true,"href":"https:\/\/chicagodesavanja.us\/en\/wp-json\/wp\/v2\/comments?post=39678"}],"version-history":[{"count":0,"href":"https:\/\/chicagodesavanja.us\/en\/wp-json\/wp\/v2\/posts\/39678\/revisions"}],"wp:attachment":[{"href":"https:\/\/chicagodesavanja.us\/en\/wp-json\/wp\/v2\/media?parent=39678"}],"wp:term":[{"taxonomy":"category","embeddable":true,"href":"https:\/\/chicagodesavanja.us\/en\/wp-json\/wp\/v2\/categories?post=39678"},{"taxonomy":"post_tag","embeddable":true,"href":"https:\/\/chicagodesavanja.us\/en\/wp-json\/wp\/v2\/tags?post=39678"}],"curies":[{"name":"WP","href":"https:\/\/api.w.org\/{rel}","templated":true}]}}