{"id":39646,"date":"2021-12-10T01:57:00","date_gmt":"2021-12-10T01:57:00","guid":{"rendered":"https:\/\/chicagodesavanja.us\/premijerka-finske-se-izvinila-gradjanima\/"},"modified":"2021-12-10T01:57:00","modified_gmt":"2021-12-10T01:57:00","slug":"premijerka-finske-se-izvinila-gradjanima","status":"publish","type":"post","link":"https:\/\/chicagodesavanja.us\/en\/vesti\/premijerka-finske-se-izvinila-gradjanima\/","title":{"rendered":"Premijerka Finske se izvinila gra\u0111anima jer je i\u0161la u no\u0107ni provod"},"content":{"rendered":"<p class=\"wp-block-paragraph\">Premijerka Finske Sana Marin uputila je izvinjenje javnosti zbog odlaska u no\u0107ni klub, iako je prethodno bila u kontaktu sa ministrom spoljnih poslova koji je zara\u017een korona virusom.<\/p>\n\n\n\n<p class=\"wp-block-paragraph\">&#8222;Pogre\u0161ila sam. Trebalo je da pa\u017eljivije razmotrim situaciju&#8220;, izjavila je Marin u jednom televizijskom intervjuu.\u201c<\/p>\n\n\n\n<p class=\"wp-block-paragraph\">Premijerka Finske je na Fejsbuku napisala da je odlu\u010dila da ne prekine no\u0107ni izlazak u subotu, nakon \u0161to joj je re\u010deno da je bila izlo\u017eena korona virusu dan ranije.<\/p>\n\n\n\n<p class=\"wp-block-paragraph\">Njena objava je usledila nakon \u0161to je jedan finski tabloid objavio premijerkinu fotografiju u prepunom no\u0107nom klubu.<\/p>\n\n\n\n<p class=\"wp-block-paragraph\">Ministar za ekonomska pitanja Mika Lintile prisustvovao je u nedelju florbol utakmici izme\u0111u Finske i Letonije, uprkos tome \u0161to mu je savetovano da izbegava kontakt sa drugima, objavio je list &#8222;Helsingin Sanomat&#8220;, prenosi Tanjug.<\/p>\n\n\n\n<p class=\"wp-block-paragraph\">Ministar odbrane Anti Kaikonen oti\u0161ao je na ve\u010deru u subotu, dok su ministarka finansija Anika Sariko i ministar nauke i kulture Anti Kurvinen otkazali prisustvo na istom doga\u0111aju kako bi izbegli kontakte, objavio je list &#8222;Ilta-Sanomat&#8220;.<\/p>\n\n\n\n<p class=\"wp-block-paragraph\">Marin je navela da ministri ne\u0107e biti u karantinu jer su svi dva puta vakcinisani.<\/p>\n\n\n\n<p class=\"wp-block-paragraph\"><\/p>\n\n\n\n<p class=\"wp-block-paragraph\" style=\"font-size:10px\">SOURCE: <a href=\"https:\/\/www.politika.rs\/sr\/clanak\/494077\/Premijerka-Finske-se-izvinila-gradanima-sto-je-isla-u-nocni-provod\" target=\"_blank\" rel=\"noreferrer noopener\">Politics<\/a> PHOTO: SCREENSHOT<\/p>","protected":false},"excerpt":{"rendered":"<p>Premijerka Finske Sana Marin uputila je izvinjenje javnosti zbog odlaska u no\u0107ni klub, iako je prethodno bila u kontaktu sa ministrom spoljnih poslova koji je zara\u017een korona virusom. &#8222;Pogre\u0161ila sam. Trebalo je da pa\u017eljivije razmotrim situaciju&#8220;, izjavila je Marin u jednom televizijskom intervjuu.\u201c Premijerka Finske je na Fejsbuku napisala da je odlu\u010dila da ne prekine [&hellip;]<\/p>\n","protected":false},"author":4,"featured_media":0,"comment_status":"","ping_status":"","sticky":false,"template":"","format":"standard","meta":{"footnotes":""},"categories":[431,369],"tags":[435,28666,45397,45498,376,44838,50739,56596],"class_list":["post-39646","post","type-post","status-publish","format-standard","hentry","category-svet","category-vesti","tag-finska","tag-izvinjenje","tag-javno-izvinjenje","tag-kontakt","tag-koronavirus","tag-ministar","tag-nocni-provod","tag-premijerka-finske"],"_links":{"self":[{"href":"https:\/\/chicagodesavanja.us\/en\/wp-json\/wp\/v2\/posts\/39646","targetHints":{"allow":["GET"]}}],"collection":[{"href":"https:\/\/chicagodesavanja.us\/en\/wp-json\/wp\/v2\/posts"}],"about":[{"href":"https:\/\/chicagodesavanja.us\/en\/wp-json\/wp\/v2\/types\/post"}],"author":[{"embeddable":true,"href":"https:\/\/chicagodesavanja.us\/en\/wp-json\/wp\/v2\/users\/4"}],"replies":[{"embeddable":true,"href":"https:\/\/chicagodesavanja.us\/en\/wp-json\/wp\/v2\/comments?post=39646"}],"version-history":[{"count":0,"href":"https:\/\/chicagodesavanja.us\/en\/wp-json\/wp\/v2\/posts\/39646\/revisions"}],"wp:attachment":[{"href":"https:\/\/chicagodesavanja.us\/en\/wp-json\/wp\/v2\/media?parent=39646"}],"wp:term":[{"taxonomy":"category","embeddable":true,"href":"https:\/\/chicagodesavanja.us\/en\/wp-json\/wp\/v2\/categories?post=39646"},{"taxonomy":"post_tag","embeddable":true,"href":"https:\/\/chicagodesavanja.us\/en\/wp-json\/wp\/v2\/tags?post=39646"}],"curies":[{"name":"WP","href":"https:\/\/api.w.org\/{rel}","templated":true}]}}