{"id":39591,"date":"2021-12-15T05:27:27","date_gmt":"2021-12-15T05:27:27","guid":{"rendered":"https:\/\/chicagodesavanja.us\/veliki-pozar-u-hongkongu\/"},"modified":"2021-12-15T05:27:27","modified_gmt":"2021-12-15T05:27:27","slug":"veliki-pozar-u-hongkongu","status":"publish","type":"post","link":"https:\/\/chicagodesavanja.us\/en\/vesti\/veliki-pozar-u-hongkongu\/","title":{"rendered":"Veliki po\u017ear u Hongkongu, vi\u0161e od 300 ljudi zarobljeno (VIDEO)"},"content":{"rendered":"<p class=\"wp-block-paragraph\">Vi\u0161e od 300 ljudi zarobljeno je na krovu zgrade Svetskog trgovinskog centra u Hongkongu. Najmanje osam osoba ose\u0107a posledice gutanja dima.<\/p>\n\n\n\n<p class=\"wp-block-paragraph\">Po\u017ear u trgova\u010dki kvartu Kozvej Bej u Hongkongu izbio je ne\u0161to posle podne po lokalnom vremenu okrakterisan je kao incident tre\u0107eg stepena na skali do pet, prenosi&nbsp;<em>Saut\u010dajna morning post<\/em>.<\/p>\n\n\n\n<p class=\"wp-block-paragraph\">Lokalna policija saop\u0161tila je da je \u017eena u \u0161eezdesetim godinama hospitalizovana u polusvesnom stanju zbog posledica udisanja dima. Tako\u0111e, u bolnicu su jo\u0161 prevezeni mu\u0161karac i \u0161est \u017eena.<\/p>\n\n\n\n<p class=\"wp-block-paragraph\">Navodi se da su kupci i posetioci restorana me\u0111u tristotinak onih koji su jo\u0161 uvek u zgradi, koja funkcioni\u0161e kao kompleks tr\u017enog centra i kancelarijskih kula.<\/p>\n\n\n\n<p class=\"wp-block-paragraph\">Oko 100 ljudi evakuisano u otvoreni deo zgrade na petom spratu.<\/p>\n\n\n\n<p class=\"wp-block-paragraph\">Preliminarna istraga pokazuje da je po\u017ear izbio na skelama koje su pokrivale deo zgrade, a dim se pro\u0161irio na sam tr\u017eni centar i zadnje stepeni\u0161te.<\/p>\n\n\n\n<p class=\"wp-block-paragraph\">Vatrogasci se protiv vatrene stihije bore sa dve sna\u017ene vodene mlaznice.<\/p>\n\n\n\n<p class=\"wp-block-paragraph\">Kako je navela portparolka vlade, anga\u017eovane su i dve ekipe opremljene aparatima za disanje.<\/p>\n\n\n\n<figure class=\"wp-block-embed is-type-rich is-provider-twitter wp-block-embed-twitter\"><div class=\"wp-block-embed__wrapper\">\n<blockquote class=\"twitter-tweet\" data-width=\"500\" data-dnt=\"true\"><p lang=\"en\" dir=\"ltr\">Trapped people being rescued at Hong Kong&#39;s World Trade Centre after a major fire <a href=\"https:\/\/t.co\/1XHGmVr9sz\">pic.twitter.com\/1XHGmVr9sz<\/a><\/p>&mdash; SCMP Hong Kong (@SCMPHongKong) <a href=\"https:\/\/x.com\/SCMPHongKong\/status\/1470997219977404417?ref_src=twsrc%5Etfw\">December 15, 2021<\/a><\/blockquote><script async src=\"https:\/\/platform.x.com\/widgets.js\" charset=\"utf-8\"><\/script>\n<\/div><\/figure>\n\n\n\n<p class=\"wp-block-paragraph\"><\/p>\n\n\n\n<p class=\"wp-block-paragraph\" style=\"font-size:10px\">SOURCE: <a href=\"https:\/\/www.rts.rs\/page\/stories\/sr\/story\/10\/svet\/4627014\/hongkong-svetski-trovinski-centar-pozar-zarobljeni-.html\" target=\"_blank\" rel=\"noreferrer noopener\">RTS<\/a> PHOTO: SCREENSHOT<\/p>","protected":false},"excerpt":{"rendered":"<p>Vi\u0161e od 300 ljudi zarobljeno je na krovu zgrade Svetskog trgovinskog centra u Hongkongu. Najmanje osam osoba ose\u0107a posledice gutanja dima. Po\u017ear u trgova\u010dki kvartu Kozvej Bej u Hongkongu izbio je ne\u0161to posle podne po lokalnom vremenu okrakterisan je kao incident tre\u0107eg stepena na skali do pet, prenosi&nbsp;Saut\u010dajna morning post. Lokalna policija saop\u0161tila je da [&hellip;]<\/p>\n","protected":false},"author":4,"featured_media":0,"comment_status":"","ping_status":"","sticky":false,"template":"","format":"standard","meta":{"footnotes":""},"categories":[431,369],"tags":[41851,24183,1161,14890,41756,24069,42648],"class_list":["post-39591","post","type-post","status-publish","format-standard","hentry","category-svet","category-vesti","tag-dim","tag-hongkong","tag-policija","tag-pozar-2","tag-svetski-trgovinski-centar","tag-vatrogasci","tag-zgrada"],"_links":{"self":[{"href":"https:\/\/chicagodesavanja.us\/en\/wp-json\/wp\/v2\/posts\/39591","targetHints":{"allow":["GET"]}}],"collection":[{"href":"https:\/\/chicagodesavanja.us\/en\/wp-json\/wp\/v2\/posts"}],"about":[{"href":"https:\/\/chicagodesavanja.us\/en\/wp-json\/wp\/v2\/types\/post"}],"author":[{"embeddable":true,"href":"https:\/\/chicagodesavanja.us\/en\/wp-json\/wp\/v2\/users\/4"}],"replies":[{"embeddable":true,"href":"https:\/\/chicagodesavanja.us\/en\/wp-json\/wp\/v2\/comments?post=39591"}],"version-history":[{"count":0,"href":"https:\/\/chicagodesavanja.us\/en\/wp-json\/wp\/v2\/posts\/39591\/revisions"}],"wp:attachment":[{"href":"https:\/\/chicagodesavanja.us\/en\/wp-json\/wp\/v2\/media?parent=39591"}],"wp:term":[{"taxonomy":"category","embeddable":true,"href":"https:\/\/chicagodesavanja.us\/en\/wp-json\/wp\/v2\/categories?post=39591"},{"taxonomy":"post_tag","embeddable":true,"href":"https:\/\/chicagodesavanja.us\/en\/wp-json\/wp\/v2\/tags?post=39591"}],"curies":[{"name":"WP","href":"https:\/\/api.w.org\/{rel}","templated":true}]}}