{"id":39436,"date":"2021-12-29T14:46:00","date_gmt":"2021-12-29T14:46:00","guid":{"rendered":"https:\/\/chicagodesavanja.us\/dokumenti-iz-trampovog-mandata-nece-biti-objavljeni\/"},"modified":"2021-12-29T14:46:00","modified_gmt":"2021-12-29T14:46:00","slug":"dokumenti-iz-trampovog-mandata-nece-biti-objavljeni","status":"publish","type":"post","link":"https:\/\/chicagodesavanja.us\/en\/vesti\/dokumenti-iz-trampovog-mandata-nece-biti-objavljeni\/","title":{"rendered":"Dokumenti iz Trampovog mandata ne\u0107e biti objavljeni"},"content":{"rendered":"<p class=\"wp-block-paragraph\">Odbor ameri\u010dkog Predstavni\u010dkog doma koji istra\u017euje nasilni upad 6. januara u zgradu Kongresa na Kapitol hilu, pristao je da odlo\u017ei zahtev za objavu stotina dokumenata povezanih sa administracijom biv\u0161eg predsednika Donalda Trampa, i tako iza\u0161ao u susret zahtevima Bele ku\u0107e i aktuelnog predsednika D\u017eozefa Bajdena.<\/p>\n\n\n\n<p class=\"wp-block-paragraph\">Odluka predstavlja reakciju na zabrinutost Bele ku\u0107e da bi objavljivanje svih dokumenata Trampove administracije, koje je zahtevao istra\u017eni odbor Predstavni\u010dkog doma, moglo da ugrozi nacionalnu bezbednost i pravnu doktrinu poznatu pod nazivom izvr\u0161na privilegija, koja \u0161titi poverljivost odre\u0111enih komunikacija Bele ku\u0107e, prenosi AP.<\/p>\n\n\n\n<p class=\"wp-block-paragraph\">Dogovor da se deo dokumentacije ne obelodanjuje naveden je u pismu od 16. decembra iz pravne kancelarije Bele ku\u0107e, a u najve\u0107oj meri radi se o spisima koji se ne odnose na doga\u0111aje od 6. januara, ali su obuhva\u0107eni zahtevom da se predaju Predstavni\u010dkom domu.<\/p>\n\n\n\n<p class=\"wp-block-paragraph\">Bajden je vi\u0161e puta odbacio Trampove napore da upravo &#8222;izvr\u0161nu privilegiju&#8220; navede kao razlog za blokadu objave dokumenata u vezi sa tim danom, ali Bela ku\u0107a je sada sara\u0111ivala sa nadle\u017enim odborom kako neki od dokumenata ne bi bili obelodanjeni.<\/p>\n\n\n\n<p class=\"wp-block-paragraph\">Tramp je tra\u017eio od Vrhovnog suda da blokira Nacionalni arhiv, mesto gde se \u010duvaju dokumenta iz vremena njegovog mandata, i da ih ne preda odboru koji istra\u017euje nasilni upad u zgradu Kongresa i doga\u0111aje koji su mu prethodili.<\/p>\n\n\n\n<p class=\"wp-block-paragraph\">Desetine stranica koje su sastavljene 6. januara ne odnose se na napad na Kapitol, ve\u0107 dokumenti opisuju pripreme i razmatranja Saveta za nacionalnu bezbednost, a Bajdenova administracija brine da, ukoliko ti sadr\u017eaji stignu do Kongresa, da bi to moglo biti problemati\u010dno za izvr\u0161nu vlast , bez obzira na to ko je predsednik dr\u017eave.<\/p>\n\n\n\n<p class=\"wp-block-paragraph\">Poslednjih nekoliko meseci Nacionalni arhiv slao je dokumenta Beloj ku\u0107i i advokatima biv\u0161eg predsednika u nastojanju da se utvrdi sadr\u017ee li informacije koje su rizi\u010dne za obelodanjivnje, a Tramp je iznosio zna\u010dajne primedbe i zabrinutosti u vezi sa nekim od njih.<\/p>\n\n\n\n<p class=\"wp-block-paragraph\">Nacionalni arhiv je saop\u0161tio da zapisi koje Tramp \u017eeli da blokira uklju\u010duju predsedni\u010dke i dnevnike posetilaca, primerke govora i bele\u0161ke u vezi sa doga\u0111ajima od 6. januara iz dosijea biv\u0161eg \u0161efa kabineta predsednika Marka Medouza, kao i, kako je precizirano, nacrt izvr\u0161ne uredbe vezane za integritet izbora, navodi Glas Amerike.<\/p>\n\n\n\n<p class=\"wp-block-paragraph\" style=\"font-size:10px\">SOURCE: <a href=\"https:\/\/rtv.rs\/sr_lat\/svet\/dokumenti-iz-trampovog-mandata-nece-biti-objavljeni_1301496.html\" target=\"_blank\" rel=\"noreferrer noopener\">RTV.RS<\/a> I FOTO: KTLA<\/p>","protected":false},"excerpt":{"rendered":"<p>Odbor ameri\u010dkog Predstavni\u010dkog doma koji istra\u017euje nasilni upad 6. januara u zgradu Kongresa na Kapitol hilu, pristao je da odlo\u017ei zahtev za objavu stotina dokumenata povezanih sa administracijom biv\u0161eg predsednika Donalda Trampa, i tako iza\u0161ao u susret zahtevima Bele ku\u0107e i aktuelnog predsednika D\u017eozefa Bajdena. Odluka predstavlja reakciju na zabrinutost Bele ku\u0107e da bi objavljivanje [&hellip;]<\/p>\n","protected":false},"author":3,"featured_media":0,"comment_status":"","ping_status":"","sticky":false,"template":"","format":"standard","meta":{"footnotes":""},"categories":[368,369],"tags":[455,36787,4214,56166,56167,45944,56168],"class_list":["post-39436","post","type-post","status-publish","format-standard","hentry","category-vesti-amerika","category-vesti","tag-bajden","tag-kapitol-hil","tag-predstavnicki-dom-2","tag-trampov-mandat","tag-trampovi-dokumenti","tag-upad-u-kapitol","tag-upad-u-kongres"],"_links":{"self":[{"href":"https:\/\/chicagodesavanja.us\/en\/wp-json\/wp\/v2\/posts\/39436","targetHints":{"allow":["GET"]}}],"collection":[{"href":"https:\/\/chicagodesavanja.us\/en\/wp-json\/wp\/v2\/posts"}],"about":[{"href":"https:\/\/chicagodesavanja.us\/en\/wp-json\/wp\/v2\/types\/post"}],"author":[{"embeddable":true,"href":"https:\/\/chicagodesavanja.us\/en\/wp-json\/wp\/v2\/users\/3"}],"replies":[{"embeddable":true,"href":"https:\/\/chicagodesavanja.us\/en\/wp-json\/wp\/v2\/comments?post=39436"}],"version-history":[{"count":0,"href":"https:\/\/chicagodesavanja.us\/en\/wp-json\/wp\/v2\/posts\/39436\/revisions"}],"wp:attachment":[{"href":"https:\/\/chicagodesavanja.us\/en\/wp-json\/wp\/v2\/media?parent=39436"}],"wp:term":[{"taxonomy":"category","embeddable":true,"href":"https:\/\/chicagodesavanja.us\/en\/wp-json\/wp\/v2\/categories?post=39436"},{"taxonomy":"post_tag","embeddable":true,"href":"https:\/\/chicagodesavanja.us\/en\/wp-json\/wp\/v2\/tags?post=39436"}],"curies":[{"name":"WP","href":"https:\/\/api.w.org\/{rel}","templated":true}]}}