{"id":39404,"date":"2022-01-01T08:02:00","date_gmt":"2022-01-01T08:02:00","guid":{"rendered":"https:\/\/chicagodesavanja.us\/pandemija-moze-da-se-zavrsi-2022-godine-porucio-sef-szo\/"},"modified":"2022-01-01T08:02:00","modified_gmt":"2022-01-01T08:02:00","slug":"pandemija-moze-da-se-zavrsi-2022-godine-porucio-sef-szo","status":"publish","type":"post","link":"https:\/\/chicagodesavanja.us\/en\/vesti\/pandemija-moze-da-se-zavrsi-2022-godine-porucio-sef-szo\/","title":{"rendered":"\u0160ef SZO: Pandemija bi mogla da se zavr\u0161i 2022. godine"},"content":{"rendered":"<p class=\"wp-block-paragraph\">Generalni direktor Svetske zdravstvene organizacije (SZO) Tedros Adhanom Gebrejesus u novogodi\u0161njoj poruci izrazio je nadu da bi 2022. pandemija mogla da se zavr\u0161i.<\/p>\n\n\n\n<p class=\"wp-block-paragraph\">On je rekao da svet ima &#8222;alate za okon\u010danje pandemije&#8220;, iako brojevi novih slu\u010dajeva u svetu dose\u017eu nove rekorde.<\/p>\n\n\n\n<p class=\"wp-block-paragraph\">Generalni direktor SZO je u objavi na LinkedInu upozorio da \u0107e pandemija du\u017ee trajati, \u0161to se nejednakost du\u017ee nastavi.<\/p>\n\n\n\n<p class=\"wp-block-paragraph\">&#8222;Dve godine od po\u010detka pandemije, alati dostupni za borbu protiv kovida-19 i dalje su neravnomerno raspore\u0111eni delom sveta. U Africi tri od \u010detiri zdravstvena radnika nisu vakcinisana, dok ljudi u Evropi i SAD primaju tre\u0107e doze. Taj je jaz pove\u0107ao izglede za pojavu novih varijanti, zaklju\u010dav\u0161i nas u ciklus kontinuiranog gubitka, pote\u0161ko\u0107a i ograni\u010denja&#8220;, napisao je Tedros.<\/p>\n\n\n\n<p class=\"wp-block-paragraph\">Kako je dodao, &#8222;ako okon\u010damo nejednakost, okon\u010da\u0107emo pandemiju i globalnu no\u0107nu moru koju smo svi pro\u017eiveli.<\/p>\n\n\n\n<p class=\"wp-block-paragraph\">&#8222;I to je mogu\u0107e&#8220;, poru\u010dio je on, a prenosi Index.<\/p>\n\n\n\n<p class=\"wp-block-paragraph\" style=\"font-size:10px\">SOURCE: <a href=\"https:\/\/www.euronews.rs\/svet\/fokus\/31421\/sef-szo-pandemija-bi-mogla-da-se-zavrsi-2022\/vest\" target=\"_blank\" rel=\"noreferrer noopener\">EURONEWS<\/a> I FOTO: THE TIMES OF ISRAEL<\/p>","protected":false},"excerpt":{"rendered":"<p>Generalni direktor Svetske zdravstvene organizacije (SZO) Tedros Adhanom Gebrejesus u novogodi\u0161njoj poruci izrazio je nadu da bi 2022. pandemija mogla da se zavr\u0161i. On je rekao da svet ima &#8222;alate za okon\u010danje pandemije&#8220;, iako brojevi novih slu\u010dajeva u svetu dose\u017eu nove rekorde. Generalni direktor SZO je u objavi na LinkedInu upozorio da \u0107e pandemija du\u017ee [&hellip;]<\/p>\n","protected":false},"author":3,"featured_media":0,"comment_status":"","ping_status":"","sticky":false,"template":"","format":"standard","meta":{"wpai_generated_summary":"","footnotes":""},"categories":[431,369],"tags":[376,56113,41683,2372,1336,54171],"class_list":["post-39404","post","type-post","status-publish","format-standard","hentry","category-svet","category-vesti","tag-koronavirus","tag-novogodisnja-poruka","tag-pandemija-koronavirusa","tag-svet","tag-svetska-zdravstvena-organizacija","tag-tedros-adhanom-gebrejesus"],"_links":{"self":[{"href":"https:\/\/chicagodesavanja.us\/en\/wp-json\/wp\/v2\/posts\/39404","targetHints":{"allow":["GET"]}}],"collection":[{"href":"https:\/\/chicagodesavanja.us\/en\/wp-json\/wp\/v2\/posts"}],"about":[{"href":"https:\/\/chicagodesavanja.us\/en\/wp-json\/wp\/v2\/types\/post"}],"author":[{"embeddable":true,"href":"https:\/\/chicagodesavanja.us\/en\/wp-json\/wp\/v2\/users\/3"}],"replies":[{"embeddable":true,"href":"https:\/\/chicagodesavanja.us\/en\/wp-json\/wp\/v2\/comments?post=39404"}],"version-history":[{"count":0,"href":"https:\/\/chicagodesavanja.us\/en\/wp-json\/wp\/v2\/posts\/39404\/revisions"}],"wp:attachment":[{"href":"https:\/\/chicagodesavanja.us\/en\/wp-json\/wp\/v2\/media?parent=39404"}],"wp:term":[{"taxonomy":"category","embeddable":true,"href":"https:\/\/chicagodesavanja.us\/en\/wp-json\/wp\/v2\/categories?post=39404"},{"taxonomy":"post_tag","embeddable":true,"href":"https:\/\/chicagodesavanja.us\/en\/wp-json\/wp\/v2\/tags?post=39404"}],"curies":[{"name":"WP","href":"https:\/\/api.w.org\/{rel}","templated":true}]}}