{"id":39369,"date":"2022-01-05T09:49:00","date_gmt":"2022-01-05T09:49:00","guid":{"rendered":"https:\/\/chicagodesavanja.us\/peticija-da-se-toniju-bleru-oduzme-titula-viteza\/"},"modified":"2022-01-05T09:49:00","modified_gmt":"2022-01-05T09:49:00","slug":"peticija-da-se-toniju-bleru-oduzme-titula-viteza","status":"publish","type":"post","link":"https:\/\/chicagodesavanja.us\/en\/vesti\/peticija-da-se-toniju-bleru-oduzme-titula-viteza\/","title":{"rendered":"Peticija da se Toniju Bleru oduzme titula viteza"},"content":{"rendered":"<p class=\"wp-block-paragraph\">Vi\u0161e od 600.000 ljudi potpisalo je neku od peticija kojima se od britanske vlade tra\u017ei da Toniju Bleru oduzme vite\u0161ku titulu.<\/p>\n\n\n\n<p class=\"wp-block-paragraph\">Britanska kraljica Elizabeta Druga je biv\u0161eg premijera i lidera laburista Tonija Blera imenovala za viteza pratioca Najplemenitijeg reda podvezice \u2013 najstarijeg i najvi\u0161eg britanskog vite\u0161kog reda.<\/p>\n\n\n\n<p class=\"wp-block-paragraph\">Vi\u0161e od 600.000 ljudi se ne sla\u017ee sa takvom odlukom, pokazuju peticije pokrenute na change.org, kojom se tra\u017ei da se Bleru oduzme ova titula.<\/p>\n\n\n\n<p class=\"wp-block-paragraph\">Peticiju sa najvi\u0161e potpisnika pokrenuo je Angus Skot, koji je naveo da je Bler naneo nepopravljivu \u0161tetu ustavu Ujedinjenog Kraljevstva i &#8222;samom tkivu nacionalnog dru\u0161tva&#8220;.<\/p>\n\n\n\n<p class=\"wp-block-paragraph\">Istakao je da je biv\u0161i premijer li\u010dno odgovoran za &#8222;smrt bezbrojnih nevinih civila i vojnika u raznim sukobima&#8220;.<\/p>\n\n\n\n<p class=\"wp-block-paragraph\">&#8222;Samo zbog toga on treba da odgovara za ratne zlo\u010dine&#8220;, poru\u010dio je Skot.<\/p>\n\n\n\n<p class=\"wp-block-paragraph\">Peticija, me\u0111utim, nije kreirana na skup\u0161tinskom sajtu gde peticije imaju pravni status.<\/p>\n\n\n\n<p class=\"wp-block-paragraph\">Portparol aktuelnog premijera Borisa D\u017eonsona rekao je da odluka o imenovanju Tonija Blera vitezom nema veze sa Dauning stritom. Istakao je, me\u0111utim, da su svi premijeri pre Tonija Blera dobili tu titulu.<\/p>\n\n\n\n<p class=\"wp-block-paragraph\">Odluku da se Bleru dodeli vite\u0161ka titula branio je predsednik parlamenta ser Lindzi Hojl.<\/p>\n\n\n\n<p class=\"wp-block-paragraph\">&#8222;\u0160ta god ljudi mislili, to je jedan od najte\u017eih poslova na svetu. Mislim da je to znak po\u0161tovanja i da treba tako da bude. Svi oni zaslu\u017euju da im bude ponu\u0111ena titula viteza kada zavr\u0161e svoju slu\u017ebu kao premijeri&#8220;, rekao je Hojl.<\/p>\n\n\n\n<p class=\"wp-block-paragraph\">Britanci, me\u0111utim, ne mogu da oproste Toniju Bleru \u0161to je zemlju uvukao u rat u Iraku.<\/p>\n\n\n\n<p class=\"wp-block-paragraph\"><\/p>\n\n\n\n<p class=\"wp-block-paragraph\" style=\"font-size:10px\">IZVOR: RT<a href=\"https:\/\/www.rts.rs\/page\/stories\/sr\/story\/10\/svet\/4653450\/toni-bler-vitez-peticija-britanija.html\" target=\"_blank\" rel=\"noreferrer noopener\">S<\/a> PHOTO: SCREENSHOT<\/p>","protected":false},"excerpt":{"rendered":"<p>Vi\u0161e od 600.000 ljudi potpisalo je neku od peticija kojima se od britanske vlade tra\u017ei da Toniju Bleru oduzme vite\u0161ku titulu. Britanska kraljica Elizabeta Druga je biv\u0161eg premijera i lidera laburista Tonija Blera imenovala za viteza pratioca Najplemenitijeg reda podvezice \u2013 najstarijeg i najvi\u0161eg britanskog vite\u0161kog reda. Vi\u0161e od 600.000 ljudi se ne sla\u017ee sa [&hellip;]<\/p>\n","protected":false},"author":4,"featured_media":0,"comment_status":"","ping_status":"","sticky":false,"template":"","format":"standard","meta":{"footnotes":""},"categories":[431,369],"tags":[17729,43764,56041,53719,6646,56042],"class_list":["post-39369","post","type-post","status-publish","format-standard","hentry","category-svet","category-vesti","tag-engleska","tag-engleska-kraljica","tag-titula","tag-toni-bler","tag-velika-britanija","tag-vitez"],"_links":{"self":[{"href":"https:\/\/chicagodesavanja.us\/en\/wp-json\/wp\/v2\/posts\/39369","targetHints":{"allow":["GET"]}}],"collection":[{"href":"https:\/\/chicagodesavanja.us\/en\/wp-json\/wp\/v2\/posts"}],"about":[{"href":"https:\/\/chicagodesavanja.us\/en\/wp-json\/wp\/v2\/types\/post"}],"author":[{"embeddable":true,"href":"https:\/\/chicagodesavanja.us\/en\/wp-json\/wp\/v2\/users\/4"}],"replies":[{"embeddable":true,"href":"https:\/\/chicagodesavanja.us\/en\/wp-json\/wp\/v2\/comments?post=39369"}],"version-history":[{"count":0,"href":"https:\/\/chicagodesavanja.us\/en\/wp-json\/wp\/v2\/posts\/39369\/revisions"}],"wp:attachment":[{"href":"https:\/\/chicagodesavanja.us\/en\/wp-json\/wp\/v2\/media?parent=39369"}],"wp:term":[{"taxonomy":"category","embeddable":true,"href":"https:\/\/chicagodesavanja.us\/en\/wp-json\/wp\/v2\/categories?post=39369"},{"taxonomy":"post_tag","embeddable":true,"href":"https:\/\/chicagodesavanja.us\/en\/wp-json\/wp\/v2\/tags?post=39369"}],"curies":[{"name":"WP","href":"https:\/\/api.w.org\/{rel}","templated":true}]}}