{"id":39339,"date":"2022-01-09T04:46:00","date_gmt":"2022-01-09T04:46:00","guid":{"rendered":"https:\/\/chicagodesavanja.us\/tramp-odgovorio-bajdenu-povodom-godisnjice-dogadjaja-na-kapitolu\/"},"modified":"2022-01-09T04:46:00","modified_gmt":"2022-01-09T04:46:00","slug":"tramp-odgovorio-bajdenu-povodom-godisnjice-dogadjaja-na-kapitolu","status":"publish","type":"post","link":"https:\/\/chicagodesavanja.us\/en\/vesti\/tramp-odgovorio-bajdenu-povodom-godisnjice-dogadjaja-na-kapitolu\/","title":{"rendered":"Tramp: Bajden je totalno podbacio"},"content":{"rendered":"<p class=\"wp-block-paragraph\">Biv\u0161i predsednik SAD Donald Tramp je odgovorio predsedniku Amerike D\u017eozefu Bajdenu povodom godi\u0161njice nereda na Kapitolu, kada su Trampove pristalice upale u Kongres i kad je poginulo pet osoba.<\/p>\n\n\n\n<p class=\"wp-block-paragraph\">&#8222;Ovo politi\u010dko pozori\u0161te je samo skretanje pa\u017enje sa \u010dinjenice da je Bajden totalno podbacio&#8220;, rekao je Tramp, prenosi list &#8222;Hil&#8220;.<\/p>\n\n\n\n<p class=\"wp-block-paragraph\">List navodi i da je Bajden indirektno optu\u017eio Trampa za pobunu aludiraju\u0107i nekoliko puta na biv\u0161eg predsednika, ali nijednom nije pomenuo njegovo ime.<\/p>\n\n\n\n<p class=\"wp-block-paragraph\">Tramp je ponovio da su izbori 2020. godine pokradeni, te a Odbor Predstavni\u010dkog doma koji istra\u017euje nerede od 6. januara upitao je za\u0161to nije razgovarao o &#8222;name\u0161tenim predsedni\u010dkim izborima 2020&#8220;<\/p>\n\n\n\n<p class=\"wp-block-paragraph\">&#8222;To je zato \u0161to nemaju odgovore ili opravdanje za ono \u0161to se desilo. Izvukli su se sa ne\u010dim i sada vode na\u0161u zemlju ka uni\u0161tenju. Oni \u017eele da se svaki razgovor o izborima izbegne&#8220;, poru\u010dio je Tramp.<\/p>\n\n\n\n<p class=\"wp-block-paragraph\">Bajden je ne\u0161to ranije povodom godi\u0161njice napada na Kongres nazvao Trampa &#8222;pora\u017eenim biv\u0161im predsednikom&#8220;.<\/p>\n\n\n\n<p class=\"wp-block-paragraph\">&#8222;On nije samo biv\u0161i predsednik, on je na to i pora\u017eeni biv\u0161i predsednik. Porazilo ga je sedam miliona glasova Amerikanaca na slobodnim i po\u0161tenim izborima. Ne postoje nikakvi dokazi da su rezultati bili name\u0161teni&#8220;, poru\u010dio je Bajden.<\/p>\n\n\n\n<p class=\"wp-block-paragraph\" style=\"font-size:10px\">SOURCE:<a href=\"https:\/\/rtv.rs\/sr_lat\/svet\/tramp-bajden-je-totalno-podbacio_1303742.html\" target=\"_blank\" rel=\"noreferrer noopener\"> RTV<\/a> I FOTO: LA TIMES<\/p>","protected":false},"excerpt":{"rendered":"<p>Biv\u0161i predsednik SAD Donald Tramp je odgovorio predsedniku Amerike D\u017eozefu Bajdenu povodom godi\u0161njice nereda na Kapitolu, kada su Trampove pristalice upale u Kongres i kad je poginulo pet osoba. &#8222;Ovo politi\u010dko pozori\u0161te je samo skretanje pa\u017enje sa \u010dinjenice da je Bajden totalno podbacio&#8220;, rekao je Tramp, prenosi list &#8222;Hil&#8220;. List navodi i da je Bajden [&hellip;]<\/p>\n","protected":false},"author":3,"featured_media":0,"comment_status":"","ping_status":"","sticky":false,"template":"","format":"standard","meta":{"footnotes":""},"categories":[368,369],"tags":[53675,404,485,56000,1152,53160,48122],"class_list":["post-39339","post","type-post","status-publish","format-standard","hentry","category-vesti-amerika","category-vesti","tag-6-januar","tag-donald-trump","tag-joseph-biden","tag-neredi-na-kapitolu","tag-optuzbe","tag-pokradeni-izbori","tag-upad-na-kapitol"],"_links":{"self":[{"href":"https:\/\/chicagodesavanja.us\/en\/wp-json\/wp\/v2\/posts\/39339","targetHints":{"allow":["GET"]}}],"collection":[{"href":"https:\/\/chicagodesavanja.us\/en\/wp-json\/wp\/v2\/posts"}],"about":[{"href":"https:\/\/chicagodesavanja.us\/en\/wp-json\/wp\/v2\/types\/post"}],"author":[{"embeddable":true,"href":"https:\/\/chicagodesavanja.us\/en\/wp-json\/wp\/v2\/users\/3"}],"replies":[{"embeddable":true,"href":"https:\/\/chicagodesavanja.us\/en\/wp-json\/wp\/v2\/comments?post=39339"}],"version-history":[{"count":0,"href":"https:\/\/chicagodesavanja.us\/en\/wp-json\/wp\/v2\/posts\/39339\/revisions"}],"wp:attachment":[{"href":"https:\/\/chicagodesavanja.us\/en\/wp-json\/wp\/v2\/media?parent=39339"}],"wp:term":[{"taxonomy":"category","embeddable":true,"href":"https:\/\/chicagodesavanja.us\/en\/wp-json\/wp\/v2\/categories?post=39339"},{"taxonomy":"post_tag","embeddable":true,"href":"https:\/\/chicagodesavanja.us\/en\/wp-json\/wp\/v2\/tags?post=39339"}],"curies":[{"name":"WP","href":"https:\/\/api.w.org\/{rel}","templated":true}]}}