{"id":39098,"date":"2022-02-02T04:29:00","date_gmt":"2022-02-02T04:29:00","guid":{"rendered":"https:\/\/chicagodesavanja.us\/danska-ukinula-kovid-ogranicenja-medju-prvima-u-eu\/"},"modified":"2022-02-02T04:29:00","modified_gmt":"2022-02-02T04:29:00","slug":"danska-ukinula-kovid-ogranicenja-medju-prvima-u-eu","status":"publish","type":"post","link":"https:\/\/chicagodesavanja.us\/en\/vesti\/danska-ukinula-kovid-ogranicenja-medju-prvima-u-eu\/","title":{"rendered":"Denmark lifted COVID restrictions, among the first in the EU"},"content":{"rendered":"<p class=\"wp-block-paragraph\">Danska je postala jedna od prvih zemalja Evropske unije koja je ukinula ve\u0107inu ograni\u010denja povezanih sa pandemijom, jer ta skandinavska zemlja vi\u0161e ne smatra kovid-19 \u201edru\u0161tveno kriti\u010dnom bole\u0161\u0107u\u201d, javlja Tanjug.<\/p>\n\n\n\n<p class=\"wp-block-paragraph\">Razlog za to je taj \u0161to, iako je omikron soj u porastu u Danskoj, on ne predstavlja veliki teret za zdravstveni sistem i zemlja ima visoku stopu vakcinacije, naveli su danski zvani\u010dnici, a prenosi agencija AP.<\/p>\n\n\n\n<p class=\"wp-block-paragraph\">U skladu sa novim pravilima, ukinuta je obaveza no\u0161enja maske za lice u javnom prevozu, prodavnicama i u zatvorenim delovima restorana, \u0161to \u0107e va\u017eiti za stalne klijente tih objekata.<\/p>\n\n\n\n<p class=\"wp-block-paragraph\">Vlasti, ipak, preporu\u010duju upotrebu maski u bolnicama, zdravstvenim ustanovama i stara\u010dkim domovima.<\/p>\n\n\n\n<p class=\"wp-block-paragraph\">Jo\u0161 jedno ograni\u010denje koje vi\u0161e ne va\u017ei je digitalna propusnica koja se koristi za ulazak u no\u0107ne klubove, kafi\u0107e i restorane.<\/p>\n\n\n\n<p class=\"wp-block-paragraph\">Danska je poslednjih nedelja imala vi\u0161e od 50.000 slu\u010dajeva dnevno u proseku, dok je broj ljudi u bolni\u010dkim jedinicama intenzivne nege opao.<\/p>\n\n\n\n<p class=\"wp-block-paragraph\">\u0160ef danske zdravstvene uprave Soren Brostrom je izjavio da je njegova pa\u017enja vi\u0161e bila usmerena na broj ljudi na intenzivnoj nego na broj infekcija, navode\u0107i da je taj broj \u201eopao i da je neverovatno nizak\u201d.<\/p>\n\n\n\n<p class=\"wp-block-paragraph\">Prema njegovim re\u010dima, na intenzivnoj nezi su trenutno 32 pacijenata sa koronavirusom, dok je njihov broj pre nekoliko nedelja bio porastao na 80.<\/p>\n\n\n\n<p class=\"wp-block-paragraph\">Zdravstvene vlasti su, me\u0111utim, pozvale Dance da se redovno testiraju kako bi zadr\u017eali kontrolu nad epidemijom.<\/p>\n\n\n\n<p class=\"wp-block-paragraph\">Danska vlada upozorila je da bi Danska u narednim nedeljama mogla da do\u017eivi porast zara\u017eavanja, i da bi mogla biti neophodna \u010detvrta doza vakcine protiv kovida-19.<\/p>\n\n\n\n<p class=\"wp-block-paragraph\">Ograni\u010denja u Danskoj su prvobitno uvedena u julu pro\u0161le godine, ali su uklonjena oko 10 nedelja kasnije nakon uspe\u0161ne kampanje vakcinacije.<\/p>\n\n\n\n<p class=\"wp-block-paragraph\">Ograni\u010denja su, me\u0111utim, ponovo uvedena kada je broj zara\u017eenih porastao.<\/p>\n\n\n\n<p class=\"wp-block-paragraph\"><\/p>\n\n\n\n<p class=\"wp-block-paragraph\" style=\"font-size:10px\">SOURCE: <a href=\"https:\/\/www.politika.rs\/sr\/clanak\/498467\/Danska-ukinula-kovid-ogranicenja-medu-prvima-u-EU\" target=\"_blank\" rel=\"noreferrer noopener\">Politics<\/a> PHOTO: SCREENSHOT<\/p>","protected":false},"excerpt":{"rendered":"<p>Danska je postala jedna od prvih zemalja Evropske unije koja je ukinula ve\u0107inu ograni\u010denja povezanih sa pandemijom, jer ta skandinavska zemlja vi\u0161e ne smatra kovid-19 \u201edru\u0161tveno kriti\u010dnom bole\u0161\u0107u\u201d, javlja Tanjug. Razlog za to je taj \u0161to, iako je omikron soj u porastu u Danskoj, on ne predstavlja veliki teret za zdravstveni sistem i zemlja ima [&hellip;]<\/p>\n","protected":false},"author":4,"featured_media":0,"comment_status":"","ping_status":"","sticky":false,"template":"","format":"standard","meta":{"footnotes":""},"categories":[431,369],"tags":[9784,789,434,376,55396,380,41683,55310,422,16932],"class_list":["post-39098","post","type-post","status-publish","format-standard","hentry","category-svet","category-vesti","tag-danska","tag-eu","tag-evropska-unija","tag-koronavirus","tag-kovid-mere","tag-pandemija","tag-pandemija-koronavirusa","tag-ukidanje-mera","tag-vakcina","tag-vakcinacija"],"_links":{"self":[{"href":"https:\/\/chicagodesavanja.us\/en\/wp-json\/wp\/v2\/posts\/39098","targetHints":{"allow":["GET"]}}],"collection":[{"href":"https:\/\/chicagodesavanja.us\/en\/wp-json\/wp\/v2\/posts"}],"about":[{"href":"https:\/\/chicagodesavanja.us\/en\/wp-json\/wp\/v2\/types\/post"}],"author":[{"embeddable":true,"href":"https:\/\/chicagodesavanja.us\/en\/wp-json\/wp\/v2\/users\/4"}],"replies":[{"embeddable":true,"href":"https:\/\/chicagodesavanja.us\/en\/wp-json\/wp\/v2\/comments?post=39098"}],"version-history":[{"count":0,"href":"https:\/\/chicagodesavanja.us\/en\/wp-json\/wp\/v2\/posts\/39098\/revisions"}],"wp:attachment":[{"href":"https:\/\/chicagodesavanja.us\/en\/wp-json\/wp\/v2\/media?parent=39098"}],"wp:term":[{"taxonomy":"category","embeddable":true,"href":"https:\/\/chicagodesavanja.us\/en\/wp-json\/wp\/v2\/categories?post=39098"},{"taxonomy":"post_tag","embeddable":true,"href":"https:\/\/chicagodesavanja.us\/en\/wp-json\/wp\/v2\/tags?post=39098"}],"curies":[{"name":"WP","href":"https:\/\/api.w.org\/{rel}","templated":true}]}}