{"id":39010,"date":"2022-02-08T06:39:00","date_gmt":"2022-02-08T06:39:00","guid":{"rendered":"https:\/\/chicagodesavanja.us\/stres-i-izazovi-pandemije-pogorsavaju-oruzano-nasilje-uskolama\/"},"modified":"2022-02-08T06:39:00","modified_gmt":"2022-02-08T06:39:00","slug":"stres-i-izazovi-pandemije-pogorsavaju-oruzano-nasilje-uskolama","status":"publish","type":"post","link":"https:\/\/chicagodesavanja.us\/en\/vesti\/stres-i-izazovi-pandemije-pogorsavaju-oruzano-nasilje-uskolama\/","title":{"rendered":"Pandemija pove\u0107ala oru\u017eano nasilje u \u0161kolama u SAD, nau\u010dnici se brinu da \u0107e se situacija dodatno pogor\u0161ati"},"content":{"rendered":"<p class=\"wp-block-paragraph\">Podaci sve vi\u0161e govore da stres i izazovi pandemije pogor\u0161avaju oru\u017eano nasilje u ameri\u010dkim \u0161kolama. Nau\u010dnici koji prou\u010davaju ovaj fenomen nisu optimisti i brinu se da \u0107e se stanje samo pogor\u0161avati.<\/p>\n\n\n\n<p class=\"wp-block-paragraph\">Devetnaestogodi\u0161nji biv\u0161i u\u010denik upucan je posle srednjo\u0161kolske ko\u0161arka\u0161ke utakmice pre sedam dana u Beloitu (Viskonsin), dok su u pro\u0161li ponedeljak tri tinejd\u017eera hospitalizovana nakon pucnjave ispred srednje \u0161kole \u010caparal u Las Vegasu. U utorak je pet tinejd\u017eerki ranjeno hicem iz pi\u0161tolja ispred srednje \u0161kole Rufus King u Milvokiju. Tako\u0111e u utorak, jedan u\u010denik je ubijen, a do\u0161lo je do jo\u0161 jedne pucnjave ispred South Education Centra u Mineapolisu.<\/p>\n\n\n\n<p class=\"wp-block-paragraph\">Jedino su u poslednjem slu\u010daju osumnji\u010deni uhva\u0107eni, u pitanju su bila dva u\u010denika iz te \u0161kole.<\/p>\n\n\n\n<p class=\"wp-block-paragraph\">U \u0161kolskoj godini 2021\/22. zabele\u017eena je 141 pucnjava na kampusima, najvi\u0161e u poslednjih deset godina prema organizaciji Everytown for Gun Safety.<\/p>\n\n\n\n<p class=\"wp-block-paragraph\">Problemi koji su prethodili pandemiji &#8211; poput nejednakosti i neadekvatnih resursa, pogor\u0161ali su se u pandemiji pa polovina u\u010ditelja ka\u017ee da \u017eeli da da otkaz ili prevremeno ode u penziju, podaci su iz istra\u017eivanja sindikata Nacionalno obrazovno udru\u017eenje.<\/p>\n\n\n\n<p class=\"wp-block-paragraph\">To zna\u010di da je sve manje odraslih, a taj \u0107e se trend nastaviti, povezanih s u\u010denicima koji mogu prepoznati znakove razvoja nasilni\u010dkog pona\u0161anja.<\/p>\n\n\n\n<p class=\"wp-block-paragraph\">&#8222;Deca ulaze u sistem koji je veoma oslabljen&#8220;, kazao je Ron Avi Astor, stru\u010dnjak za nasilje u \u0161kolama sa Univerziteta UCLA.<\/p>\n\n\n\n<p class=\"wp-block-paragraph\">&#8222;Vide\u0107emo razli\u010dite oblike oru\u017eanog i nasilja uop\u0161te. Nalazimo se u situaciji koja \u0107e se samo pogor\u0161avati&#8220;, dodao je.<\/p>\n\n\n\n<p class=\"wp-block-paragraph\">Astor je rekao da vi\u0161e uzroka ut\u010de na porast nasilja, uklju\u010duju\u0107i pandemiju, porast nasilja generalno i propadanje porodi\u010dnih struktura.<\/p>\n\n\n\n<p class=\"wp-block-paragraph\">Sve je to stvorilo &#8222;cunami&#8220; problema s mentalnim zdravljem u \u0161kolama, ka\u017ee Astor.<\/p>\n\n\n\n<p class=\"wp-block-paragraph\">Problemi su sve ve\u0107i jer u\u010ditelji i rukovodstvo \u0161kola nisu dovoljno opremljeni da se nose s njima zbog sindroma izgaranja.<\/p>\n\n\n\n<p class=\"wp-block-paragraph\" style=\"font-size:10px\">SOURCE: <a href=\"https:\/\/www.euronews.rs\/svet\/planeta\/36382\/pandemija-koronavirusa-povecala-oruzano-nasilje-u-skolama-u-sad-naucnici-se-brinu-da-ce-se-situacija-dodatno-pogorsati\/vest\" target=\"_blank\" rel=\"noreferrer noopener\">EURONEWS<\/a> PHOTO: PEXELS<\/p>","protected":false},"excerpt":{"rendered":"<p>Podaci sve vi\u0161e govore da stres i izazovi pandemije pogor\u0161avaju oru\u017eano nasilje u ameri\u010dkim \u0161kolama. Nau\u010dnici koji prou\u010davaju ovaj fenomen nisu optimisti i brinu se da \u0107e se stanje samo pogor\u0161avati. Devetnaestogodi\u0161nji biv\u0161i u\u010denik upucan je posle srednjo\u0161kolske ko\u0161arka\u0161ke utakmice pre sedam dana u Beloitu (Viskonsin), dok su u pro\u0161li ponedeljak tri tinejd\u017eera hospitalizovana nakon [&hellip;]<\/p>\n","protected":false},"author":3,"featured_media":0,"comment_status":"","ping_status":"","sticky":false,"template":"","format":"standard","meta":{"wpai_generated_summary":"","footnotes":""},"categories":[368,369],"tags":[43333,376,3145,55384,21267,1311,380,43663,506],"class_list":["post-39010","post","type-post","status-publish","format-standard","hentry","category-vesti-amerika","category-vesti","tag-kampusi","tag-koronavirus","tag-nasilje","tag-nedostatak-ucitelja","tag-oruzano-nasilje","tag-oruzje","tag-pandemija","tag-skole-u-americi","tag-stres"],"_links":{"self":[{"href":"https:\/\/chicagodesavanja.us\/en\/wp-json\/wp\/v2\/posts\/39010","targetHints":{"allow":["GET"]}}],"collection":[{"href":"https:\/\/chicagodesavanja.us\/en\/wp-json\/wp\/v2\/posts"}],"about":[{"href":"https:\/\/chicagodesavanja.us\/en\/wp-json\/wp\/v2\/types\/post"}],"author":[{"embeddable":true,"href":"https:\/\/chicagodesavanja.us\/en\/wp-json\/wp\/v2\/users\/3"}],"replies":[{"embeddable":true,"href":"https:\/\/chicagodesavanja.us\/en\/wp-json\/wp\/v2\/comments?post=39010"}],"version-history":[{"count":0,"href":"https:\/\/chicagodesavanja.us\/en\/wp-json\/wp\/v2\/posts\/39010\/revisions"}],"wp:attachment":[{"href":"https:\/\/chicagodesavanja.us\/en\/wp-json\/wp\/v2\/media?parent=39010"}],"wp:term":[{"taxonomy":"category","embeddable":true,"href":"https:\/\/chicagodesavanja.us\/en\/wp-json\/wp\/v2\/categories?post=39010"},{"taxonomy":"post_tag","embeddable":true,"href":"https:\/\/chicagodesavanja.us\/en\/wp-json\/wp\/v2\/tags?post=39010"}],"curies":[{"name":"WP","href":"https:\/\/api.w.org\/{rel}","templated":true}]}}