{"id":38995,"date":"2022-02-09T06:52:59","date_gmt":"2022-02-09T06:52:59","guid":{"rendered":"https:\/\/chicagodesavanja.us\/roditelji-su-planirali-protest-nakon-odluke-sudije\/"},"modified":"2022-02-09T06:52:59","modified_gmt":"2022-02-09T06:52:59","slug":"roditelji-su-planirali-protest-nakon-odluke-sudije","status":"publish","type":"post","link":"https:\/\/chicagodesavanja.us\/en\/vesti\/roditelji-su-planirali-protest-nakon-odluke-sudije\/","title":{"rendered":"Roditelji u Ilinoisu protestuju zbog obaveznog no\u0161enja maske u \u0161kolama"},"content":{"rendered":"<p class=\"wp-block-paragraph\">Roditelji su odr\u017eali protest u utorak 8. februara nakon \u0161to je odluka sudije iz Ilinoisa primorala mnoge \u0161kole u \u200b\u200bponedeljak 7. februara da odlu\u010de da li da nastave sa obaveznim no\u0161enjem maske, ili da ih u\u010dine malo fleksibilnijim. Emocije \u0161irom dr\u017eave su na vrhuncu. Neki \u0161kolski okruzi su zadr\u017eali svoja pravila o maski, dok su ih drugi u\u010dinili neobaveznim po\u0161to broj slu\u010dajeva COVID-a opada \u0161irom zemlje.<\/p>\n\n\n\n<p class=\"wp-block-paragraph\">U \u0161koli u Glenviju, grupa roditelja organizovala je protest u hladno jutro u utorak 8. februara. Desetine su rekle da ne \u017eele da \u0161kola i dalje zahteva maske, \u017eele da maske budu opcione. Roditelji i u\u010denici su rekli da nisu protiv maski, ali &nbsp;\u017eele vlastiti izbor. Na protestu su se pojavili dr\u017ee\u0107i natpise \u201eneobavezna maska\u201c, nadaju\u0107i se da \u0107e promeniti politiku u katoli\u010dkoj \u0161koli od pred\u0161kolskog do osmog razreda.<\/p>\n\n\n\n<p class=\"wp-block-paragraph\">&nbsp;\u201eMi samo \u017eelimo izbor, a mi nismo protiv maski. Mi samo \u017eelimo izbor roditelja\u201c. Emocije su uzavrele tokom sastanka u Napervilu u ponedeljak 7. februara u ve\u010dernjim satima. \u201eZa\u0161to nastavljate da sprovodite pravilo o no\u0161enju maski kada je neva\u017ee\u0107e? rekla je Lisa O&#8217;Reir. &#8222;Svi ste pokazali svoje pravo lice. Nije vam stalo do dece.&#8220; \u201eNisam siguran koga predstavljate, ali to nismo mi\u201c, rekao je drugi roditelj.<\/p>\n\n\n\n<p class=\"wp-block-paragraph\">Pro\u0161log petka 4. februara sudija u okrugu Sangamon u donjem delu dr\u017eave presudio je protiv mandata guvernera J.B. Prickera o obaveznom no\u0161enju maski u \u0161kolskim zgradama, kao odgovor na tu\u017ebe u koje su uklju\u010deni roditelji i nastavnici iz vi\u0161e od 150 okruga. Dr\u017eavni tu\u017eilac Kvame Raul zvani\u010dno je ulo\u017eio \u017ealbu u ponedeljak 7. februara u jutarnjim satima.<\/p>\n\n\n\n<p class=\"wp-block-paragraph\">\u201eS jedne strane, nije jasno na koga se ovo odnosi i ko ima koristi od toga, a sa druge strane svi na neki na\u010din pretpostavljaju da je ovo samo jedna odluka koja \u0107e uskoro biti poni\u0161tena\u201c, rekao je profesor Pravnog fakulteta na severozapadu Nadav \u0160oked. \u201eSvi tako\u0111e pretpostavljaju da mogu da se izvuku sa onim \u0161to rade, da ne\u0107e biti prave kazne za ono \u0161to rade.<\/p>\n\n\n\n<p class=\"wp-block-paragraph\">Guverner Pricker je nagovestio da bi pravilo o obaveznom no\u0161enju maske \u0161irom dr\u017eave moglo biti odba\u010deno u bliskoj budu\u0107nosti nakon najava da su druge velike dr\u017eave poput Nju D\u017eersija i Kalifornije na ivici da to u\u010dine. Nakon \u0161to je ta presuda i\u0161la u korist tu\u017ebe, \u010diji su tu\u017eioci roditelji iz Okruga 203, odbor je na nedeljnom sastanku iza zatvorenih vrata odlu\u010dio da \u0107e i dalje zahtevati no\u0161enje maski u \u0161kolama.<\/p>\n\n\n\n<p class=\"wp-block-paragraph\">\u201eNapervil je doneo odluku prema smernicama zdravstvenih odeljenja da nastavi sa zahtevom za obaveznim no\u0161enjem maski u \u0161kolama, autobusima, van\u0161kolskim aktivnostima, sa izuzetkom imenovanih strana u tu\u017ebi\u201c, rekao je nadzornik Den Brid\u017eis. Nekoliko roditelja je na tom sastanku u Napervilu obe\u0107alo sudski postupak protiv \u0161kolskog nadzornika, a mo\u017eda i \u0161kolskog odbora ako se ne do\u0111e do promena.<\/p>\n\n\n\n<p class=\"wp-block-paragraph\">U me\u0111uvremenu, javne \u0161kole u \u200b\u200b\u010cikagu rekle su da \u0107e i dalje biti potrebne maske, kao i U-46 u Elginu. Drugi po veli\u010dini \u0161kolski okrug u dr\u017eavi ima\u0107e izuze\u0107e za par u\u010denika \u010diji su roditelji bili deo tu\u017ebe, ali to je to.<\/p>\n\n\n\n<p class=\"wp-block-paragraph\">CPS je u pro\u0161lonedeljnom saop\u0161tenju naveo da presuda suda ne zabranjuje \u0161kolama da nastave sa svojim politikama i procedurama za ubla\u017eavanje COVID-19 pandemije, uklju\u010duju\u0107i univerzalno no\u0161enje maski.<\/p>\n\n\n\n<p class=\"wp-block-paragraph\">Raspodela okruga:<\/p>\n\n\n\n<p class=\"wp-block-paragraph\">&#8211; Dr\u017eavne \u0161kole u \u200b\u200b\u010cikagu: potrebne su maske<\/p>\n\n\n\n<p class=\"wp-block-paragraph\">&#8211; Timoti hri\u0161\u0107anske \u0161kole: Maske po izboru<\/p>\n\n\n\n<p class=\"wp-block-paragraph\">&#8211; U-46 u Elginu: Potrebne su maske<\/p>\n\n\n\n<p class=\"wp-block-paragraph\">&#8211; \u0160kolski okrug Barington: Maske se preporu\u010duju, ali nisu obavezne<\/p>\n\n\n\n<p class=\"wp-block-paragraph\">&#8211; Distrikt 200 u Vitonu: Maske se preporu\u010duju, ali nisu obavezne<\/p>\n\n\n\n<p class=\"wp-block-paragraph\">&#8211; Okrug 67 u Lake Forestu: Maske se preporu\u010duju, ali nisu potrebne<\/p>\n\n\n\n<p class=\"wp-block-paragraph\">-Orland \u0161kolski okrug 135: Maske nisu potrebne<\/p>\n\n\n\n<p class=\"wp-block-paragraph\">-Lisle distrikt 202: Nastavak mandata maske, done\u0107e kona\u010dnu odluku nakon ankete roditelja<\/p>\n\n\n\n<p class=\"wp-block-paragraph\">-Algonkuin distrikt 300: Otvoreno u utorak, nastavlja se mandat maski<\/p>\n\n\n\n<p class=\"wp-block-paragraph\">-Benet akademija: Otvoreno u utorak, maske se preporu\u010duju, ali nisu obavezne<\/p>\n\n\n\n<p class=\"wp-block-paragraph\" style=\"font-size:10px\">SOURCE:<a href=\"https:\/\/abc7chicago.com\/illinois-school-mask-mandate-covid-hinsdale-central-chicago-update\/11545714\/\" target=\"_blank\" rel=\"noreferrer noopener\"> ABC 7 CHICAGO<\/a> | FOTO: ABC 7 CHICAGO<\/p>","protected":false},"excerpt":{"rendered":"<p>Roditelji su odr\u017eali protest u utorak 8. februara nakon \u0161to je odluka sudije iz Ilinoisa primorala mnoge \u0161kole u \u200b\u200bponedeljak 7. februara da odlu\u010de da li da nastave sa obaveznim no\u0161enjem maske, ili da ih u\u010dine malo fleksibilnijim. Emocije \u0161irom dr\u017eave su na vrhuncu. Neki \u0161kolski okruzi su zadr\u017eali svoja pravila o maski, dok su [&hellip;]<\/p>\n","protected":false},"author":3,"featured_media":0,"comment_status":"","ping_status":"","sticky":false,"template":"","format":"standard","meta":{"footnotes":""},"categories":[368,653,369],"tags":[538,457,370,559,52468,52469,380,803,2370,568],"class_list":["post-38995","post","type-post","status-publish","format-standard","hentry","category-vesti-amerika","category-cikago","category-vesti","tag-amerika","tag-chicago","tag-cikago","tag-maske","tag-maske-u-skolama","tag-obavezno-nosenje-maski","tag-pandemija","tag-protesti","tag-protesti-u-cikagu","tag-sad"],"_links":{"self":[{"href":"https:\/\/chicagodesavanja.us\/en\/wp-json\/wp\/v2\/posts\/38995","targetHints":{"allow":["GET"]}}],"collection":[{"href":"https:\/\/chicagodesavanja.us\/en\/wp-json\/wp\/v2\/posts"}],"about":[{"href":"https:\/\/chicagodesavanja.us\/en\/wp-json\/wp\/v2\/types\/post"}],"author":[{"embeddable":true,"href":"https:\/\/chicagodesavanja.us\/en\/wp-json\/wp\/v2\/users\/3"}],"replies":[{"embeddable":true,"href":"https:\/\/chicagodesavanja.us\/en\/wp-json\/wp\/v2\/comments?post=38995"}],"version-history":[{"count":0,"href":"https:\/\/chicagodesavanja.us\/en\/wp-json\/wp\/v2\/posts\/38995\/revisions"}],"wp:attachment":[{"href":"https:\/\/chicagodesavanja.us\/en\/wp-json\/wp\/v2\/media?parent=38995"}],"wp:term":[{"taxonomy":"category","embeddable":true,"href":"https:\/\/chicagodesavanja.us\/en\/wp-json\/wp\/v2\/categories?post=38995"},{"taxonomy":"post_tag","embeddable":true,"href":"https:\/\/chicagodesavanja.us\/en\/wp-json\/wp\/v2\/tags?post=38995"}],"curies":[{"name":"WP","href":"https:\/\/api.w.org\/{rel}","templated":true}]}}