{"id":38977,"date":"2022-02-10T07:36:00","date_gmt":"2022-02-10T07:36:00","guid":{"rendered":"https:\/\/chicagodesavanja.us\/pucnjava-u-srednjoj-skoli-u-bafalu-dve-osobe-ranjene\/"},"modified":"2022-02-10T07:36:00","modified_gmt":"2022-02-10T07:36:00","slug":"pucnjava-u-srednjoj-skoli-u-bafalu-dve-osobe-ranjene","status":"publish","type":"post","link":"https:\/\/chicagodesavanja.us\/en\/vesti\/pucnjava-u-srednjoj-skoli-u-bafalu-dve-osobe-ranjene\/","title":{"rendered":"Pucnjava u \u0161koli u SAD, ranjene dve osobe, me\u0111u njima i u\u010denik\u00a0"},"content":{"rendered":"<p class=\"wp-block-paragraph\">Dve osobe, uklju\u010duju\u0107i i jednog u\u010denika, ranjenje su u pucnjavi koja se dogodila u srednjoj \u0161koli u Bafalu u ameri\u010dkoj dr\u017eavi Njujork, saop\u0161tila je policija.<\/p>\n\n\n\n<p class=\"wp-block-paragraph\">Do pucnjave je do\u0161lo u popodnevnim \u010dasovima u \u0161koli &#8222;Mekinli&#8220;, a objekat je blokiran, prenosi Independent.<\/p>\n\n\n\n<p class=\"wp-block-paragraph\">Kako prenosi Independent, izvor iz \u0161kole je potvrdio da su se u\u010denici i zaposleni zabarikadirali, a da je takti\u010dka jedinica FBI u\u0161la u kampus.<\/p>\n\n\n\n<p class=\"wp-block-paragraph\">Jo\u0161 nije poznato da li je napada\u010d uhap\u0161en, a lokalni mediji javljaju da je najmanje jedna osoba hospitalizovana.<\/p>\n\n\n\n<p class=\"wp-block-paragraph\" style=\"font-size:10px\">SOURCE: <a href=\"https:\/\/www.euronews.rs\/svet\/fokus\/36857\/pucnjava-u-skoli-u-sad-ranjene-dve-osobe-medu-njima-i-ucenik\/vest\" target=\"_blank\" rel=\"noreferrer noopener\">EURONEWS <\/a>I FOTO: BUFFALO NEWS<\/p>","protected":false},"excerpt":{"rendered":"<p>Dve osobe, uklju\u010duju\u0107i i jednog u\u010denika, ranjenje su u pucnjavi koja se dogodila u srednjoj \u0161koli u Bafalu u ameri\u010dkoj dr\u017eavi Njujork, saop\u0161tila je policija. Do pucnjave je do\u0161lo u popodnevnim \u010dasovima u \u0161koli &#8222;Mekinli&#8220;, a objekat je blokiran, prenosi Independent. Kako prenosi Independent, izvor iz \u0161kole je potvrdio da su se u\u010denici i zaposleni [&hellip;]<\/p>\n","protected":false},"author":3,"featured_media":0,"comment_status":"","ping_status":"","sticky":false,"template":"","format":"standard","meta":{"footnotes":""},"categories":[368,369],"tags":[49783,55327,42404,54326,55328,55329],"class_list":["post-38977","post","type-post","status-publish","format-standard","hentry","category-vesti-amerika","category-vesti","tag-bafalo","tag-dve-osobe-ranjene","tag-napadac","tag-pucnjava-u-bafalu","tag-pucnjava-u-srednjoj-skoli","tag-ucenik-ranjen"],"_links":{"self":[{"href":"https:\/\/chicagodesavanja.us\/en\/wp-json\/wp\/v2\/posts\/38977","targetHints":{"allow":["GET"]}}],"collection":[{"href":"https:\/\/chicagodesavanja.us\/en\/wp-json\/wp\/v2\/posts"}],"about":[{"href":"https:\/\/chicagodesavanja.us\/en\/wp-json\/wp\/v2\/types\/post"}],"author":[{"embeddable":true,"href":"https:\/\/chicagodesavanja.us\/en\/wp-json\/wp\/v2\/users\/3"}],"replies":[{"embeddable":true,"href":"https:\/\/chicagodesavanja.us\/en\/wp-json\/wp\/v2\/comments?post=38977"}],"version-history":[{"count":0,"href":"https:\/\/chicagodesavanja.us\/en\/wp-json\/wp\/v2\/posts\/38977\/revisions"}],"wp:attachment":[{"href":"https:\/\/chicagodesavanja.us\/en\/wp-json\/wp\/v2\/media?parent=38977"}],"wp:term":[{"taxonomy":"category","embeddable":true,"href":"https:\/\/chicagodesavanja.us\/en\/wp-json\/wp\/v2\/categories?post=38977"},{"taxonomy":"post_tag","embeddable":true,"href":"https:\/\/chicagodesavanja.us\/en\/wp-json\/wp\/v2\/tags?post=38977"}],"curies":[{"name":"WP","href":"https:\/\/api.w.org\/{rel}","templated":true}]}}