{"id":38824,"date":"2022-04-05T06:02:00","date_gmt":"2022-04-05T06:02:00","guid":{"rendered":"https:\/\/chicagodesavanja.us\/stajnmajer-priznao-pogresio-sam-u-politici-prema-rusiji\/"},"modified":"2022-04-05T06:02:00","modified_gmt":"2022-04-05T06:02:00","slug":"stajnmajer-priznao-pogresio-sam-u-politici-prema-rusiji","status":"publish","type":"post","link":"https:\/\/chicagodesavanja.us\/en\/vesti\/stajnmajer-priznao-pogresio-sam-u-politici-prema-rusiji\/","title":{"rendered":"\u0160tajnmajer priznao: Pogre\u0161io sam u politici prema Rusiji"},"content":{"rendered":"<p class=\"wp-block-paragraph\">Predsednik Nema\u010dke Frank-Valter \u0160tajnmajer izjavio je da je bilo pogre\u0161no njegovo zalaganje za gasovod Severni tok 2, koji je jo\u0161 pro\u0161le godine nazivao &#8222;Mostom&#8220;. Istakao je da sa Rusijom s Putinom na \u010delu, ne\u0107e biti mogu\u0107 povratak na status kvo pre rata.<\/p>\n\n\n\n<p class=\"wp-block-paragraph\">Frank-Valter \u0160tajnmajer priznao je gre\u0161ke u opho\u0111enju prema Rusiji.<\/p>\n\n\n\n<p class=\"wp-block-paragraph\">\u0160tajnmajer je, posle kritike koje je ambasador Ukrajine u Nema\u010dkoj Andrija Melnika uputio na njegov ra\u010duna, za ZDF rekao da bilo pogre\u0161no njegovo zalaganje za gasovod &#8222;Severni tok 2&#8220;, koji je jo\u0161 pro\u0161le godine nazivao &#8222;Mostom&#8220;.<\/p>\n\n\n\n<p class=\"wp-block-paragraph\">&#8222;Moje insistiranje na `Severnom toku 2` je bila jasna gre\u0161ka. Dr\u017eali smo se mostova u koje nije vi\u0161e verovala ni Rusija, a na koje su nas upozoravali na\u0161i partneri&#8220;, objasnio je on, u razgovoru sa nema\u010dkim novinarima u dvorcu Belvi.<\/p>\n\n\n\n<p class=\"wp-block-paragraph\">\u0160tajnmajer je rekao da je neuspeh do\u017eivela politika uspostavljanja zajedni\u010dke &#8222;evropske ku\u0107e&#8220; u koju bi bila uklju\u010dena i Rusija.<\/p>\n\n\n\n<p class=\"wp-block-paragraph\">&#8222;Do\u017eiveli smo neuspeh u naporima da Rusiju uklju\u010dimo u zajedni\u010dku bezbednosnu arhitekturu&#8220;, podvukao je on.<\/p>\n\n\n\n<p class=\"wp-block-paragraph\">Ocenio da odgovornost za rat u Ukrajini snosi predsednik Rusije Vladimir Putin.<\/p>\n\n\n\n<p class=\"wp-block-paragraph\">&#8222;Odgovornost ne treba mi da preuzimamo. Ali to ne zna\u010di da ne moramo po ne\u0161to da ponovo analiziramo gde smo pravili gre\u0161ke&#8220;, naglasio je on.<\/p>\n\n\n\n<p class=\"wp-block-paragraph\">\u0160tajnmajer je istakao da sa Rusijom na \u010dijem je \u010delu Putin ne\u0107e biti mogu\u0107 povratak na &#8222;status kvo&#8220; pre rata.<\/p>\n\n\n\n<p class=\"wp-block-paragraph\">Kazao je da je smatrao da Putin ne\u0107e biti spreman na potpuno uni\u0161tenje ekonomije, dru\u0161tva zarad &#8222;imperijalisti\u010dkog ludila&#8220;.<\/p>\n\n\n\n<p class=\"wp-block-paragraph\">&#8222;Tu sam pogre\u0161io kao mnogi drugi&#8220;, poru\u010dio je \u0160tajnmajer.<\/p>\n\n\n\n<p class=\"wp-block-paragraph\"><\/p>\n\n\n\n<p class=\"wp-block-paragraph\" style=\"font-size:10px\">SOURCE: <a href=\"https:\/\/www.rts.rs\/page\/stories\/sr\/story\/3398\/rat-u-ukrajini\/4766036\/stajnmajer-priznanje-greska-rusija-putin-politika.html\" target=\"_blank\" rel=\"noreferrer noopener\">RTS<\/a> PHOTO: SCREENSHOT<\/p>","protected":false},"excerpt":{"rendered":"<p>Predsednik Nema\u010dke Frank-Valter \u0160tajnmajer izjavio je da je bilo pogre\u0161no njegovo zalaganje za gasovod Severni tok 2, koji je jo\u0161 pro\u0161le godine nazivao &#8222;Mostom&#8220;. Istakao je da sa Rusijom s Putinom na \u010delu, ne\u0107e biti mogu\u0107 povratak na status kvo pre rata. Frank-Valter \u0160tajnmajer priznao je gre\u0161ke u opho\u0111enju prema Rusiji. \u0160tajnmajer je, posle kritike [&hellip;]<\/p>\n","protected":false},"author":4,"featured_media":0,"comment_status":"","ping_status":"","sticky":false,"template":"","format":"standard","meta":{"wpai_generated_summary":"","footnotes":""},"categories":[431,369],"tags":[51567,752,535,51403,1485,841,21219,51404],"class_list":["post-38824","post","type-post","status-publish","format-standard","hentry","category-svet","category-vesti","tag-frank-valter-stajnmajer","tag-gas","tag-nemacka","tag-nemacki-predsednik","tag-rat-u-ukrajini","tag-rusija","tag-ruski-gas","tag-stajnmajer"],"_links":{"self":[{"href":"https:\/\/chicagodesavanja.us\/en\/wp-json\/wp\/v2\/posts\/38824","targetHints":{"allow":["GET"]}}],"collection":[{"href":"https:\/\/chicagodesavanja.us\/en\/wp-json\/wp\/v2\/posts"}],"about":[{"href":"https:\/\/chicagodesavanja.us\/en\/wp-json\/wp\/v2\/types\/post"}],"author":[{"embeddable":true,"href":"https:\/\/chicagodesavanja.us\/en\/wp-json\/wp\/v2\/users\/4"}],"replies":[{"embeddable":true,"href":"https:\/\/chicagodesavanja.us\/en\/wp-json\/wp\/v2\/comments?post=38824"}],"version-history":[{"count":0,"href":"https:\/\/chicagodesavanja.us\/en\/wp-json\/wp\/v2\/posts\/38824\/revisions"}],"wp:attachment":[{"href":"https:\/\/chicagodesavanja.us\/en\/wp-json\/wp\/v2\/media?parent=38824"}],"wp:term":[{"taxonomy":"category","embeddable":true,"href":"https:\/\/chicagodesavanja.us\/en\/wp-json\/wp\/v2\/categories?post=38824"},{"taxonomy":"post_tag","embeddable":true,"href":"https:\/\/chicagodesavanja.us\/en\/wp-json\/wp\/v2\/tags?post=38824"}],"curies":[{"name":"WP","href":"https:\/\/api.w.org\/{rel}","templated":true}]}}