{"id":38822,"date":"2022-04-05T06:52:00","date_gmt":"2022-04-05T06:52:00","guid":{"rendered":"https:\/\/chicagodesavanja.us\/nikola-olic-fotografija-je-stvarnost-a-cikago-grad-pun-zivota\/"},"modified":"2022-04-05T06:52:00","modified_gmt":"2022-04-05T06:52:00","slug":"nikola-olic-fotografija-je-stvarnost-a-cikago-grad-pun-zivota","status":"publish","type":"post","link":"https:\/\/chicagodesavanja.us\/en\/vesti\/nikola-olic-fotografija-je-stvarnost-a-cikago-grad-pun-zivota\/","title":{"rendered":"Nikola Oli\u0107: \u201cFotografija je stvarnost, a \u010cikago grad pun \u017eivota\u2019\u2019!"},"content":{"rendered":"<p class=\"wp-block-paragraph\">Nikola Oli\u0107 je srpski fotograf koji \u017eivi i radi u Dalasu, u Ameri\u010dkoj dr\u017eavi Teksas. Fokusira se na arhitekturu i druge objekte iz urbane sredine, koje u svojim fotografijama posmatra kroz vizuelnu razigranost, nepredvidivost, humor i lako\u0107u. Uz svaku fotografiju u njegovoj kolekciji objavljene su i precizne koordinate sa kojih je fotografija nastala, \u010dime se posmatra\u010d povezuje sa stvarnim svetom u kojem taj objekat postoji, svetom koji je pun ljudi, buke, automobila i \u017eivota.<br>Time se iz ovih fotografija namerno otklanja misterija i podse\u0107a nas da ovakvih objekata, bili oni nama lepi ili ne, ima svuda oko nas.<\/p>\n\n\n\n<figure class=\"wp-block-image size-large\"><img decoding=\"async\" src=\"https:\/\/aktuelnosti.us\/wp-content\/uploads\/2022\/04\/chryslernations-1024x768.jpg\" alt=\"\" class=\"wp-image-68040\" \/><figcaption>Zgrada &#8211; Nikola Oli\u0107<\/figcaption><\/figure>\n\n\n\n<p class=\"wp-block-paragraph\">Fotografije Nikole Oli\u0107a deo su fotografskih kolekcija raznih muzeja i institucija u Americi i Evropi. Tako\u0111e su bile deo pojedina\u010dnih i grupnih izlo\u017ebi na oba kontinenta. Objavljene su u ve\u0107im medijskim ku\u0107ama kao \u0161to su The New York Times, Wired Magazine, CNN, The Washington Post, BBC News, Guardian i Forbes i u doma\u0107im medijima kao \u0161to su B92, Danas, Vice i Politika, u kojoj ve\u0107 vi\u0161e od tri godine svake srede njegove fotografije izlaze u rubrici Mozaik.<\/p>\n\n\n\n<p class=\"wp-block-paragraph\"><em>Kako je izgledalo Va\u0161e detinjstvo? Gde je Nikola Oli\u0107 odrastao?<\/em><\/p>\n\n\n\n<p class=\"wp-block-paragraph\">Ro\u0111en sam u Beogradu i odrastao na Zvezdari preko puta sportskog centra Olimp. Pamtim jedno veselo detinjstvo, super drugare, roditelje koji su puno toga dozvoljavali, sa kojima sam dosta putovao jer su i otac i majka radili za nekada\u0161nji JAT.<\/p>\n\n\n\n<p class=\"wp-block-paragraph\"><em>Kada i kako odlazite u Ameriku?<\/em><em><\/em><\/p>\n\n\n\n<p class=\"wp-block-paragraph\">Mada sam i ranije bio u Americi kao turista, sa sedamnaest godina sam do\u0161ao u Ameriku na godinu dana, na razmenu studenata da zavr\u0161im IV godinu srednje \u0161kole. Kako su po mom planiranom povratku po\u010deli nemiri i ratovi u Srbiji, odlu\u010dio sam da ostanem godinu dana du\u017ee, a zatim na jo\u0161 godinu dana, i tako se produ\u017eilo sve do dan danas.<\/p>\n\n\n\n<p class=\"wp-block-paragraph\"><em>Koji grad u Americi je na Vas, kao nekog ko svet i sve \u0161to ga okru\u017euje vidi druga\u010dijim o\u010dima-o\u010dima umetnika, ostavio poseban utisak i zbog \u010dega?<\/em><em><\/em><\/p>\n\n\n\n<p class=\"wp-block-paragraph\">New York City je svakako unikatan grad po mnogo pitanja, a sticajem okolnosti sam imao priliku, da svake godine poslednjih dvadeset godina, budem u tom gradu. Iz toga se rodila moja ljubav ka tom gradu, a isto tako i velika kolekcija fotografija jer puno vremena provodim \u0161etaju\u0107i okolo. Posle Njujorka rekao bih Washington DC i Chicago su mi vrlo dragi, na ulicama ima uvek puno ljudi, to su gradovi puni \u017eivota.<\/p>\n\n\n\n<p class=\"wp-block-paragraph\"><em>Kada ste po\u010deli da se bavite fotografijom i \u0161ta su bile Va\u0161e prve fotografije?<\/em><em><\/em><\/p>\n\n\n\n<p class=\"wp-block-paragraph\">Ovaj projekat je po\u010deo pre desetak godina, upravo u Njujorku. Prelazio sam preko <em>Brooklyn<\/em> mosta i primetio interesantnu zgradu koju sam fotografisao na nekoliko razli\u010ditih na\u010dina. Samo jedna fotografija mi je na kraju &#8222;ostala&#8220; kao glavna simbolika te zgrade. Onda sam prelistao neke stare fotografije i tako\u0111e video da mogu da izaberem iz njih neke koje su mi interesantne. Tako se nastavilo sve do danas. Mada i posle deset godina moja objavljena kolekcija fotografija je vrlo mala, ona broji manje od 100 fotografija.<\/p>\n\n\n\n<p class=\"wp-block-paragraph\"><em>Za\u0161to je Va\u0161 izbor u fotografisanju ba\u0161 arhitektura? Kakvu inspiraciju Vam ona daje?<\/em><em><\/em><\/p>\n\n\n\n<p class=\"wp-block-paragraph\">Ako treba ne\u0161to da fotografi\u0161ete, recimo, pet punih sati, pa onda pet sati editovanja i biranja, a onda izabrati pet najboljih fotografija, \u0161ta bi to za vas bilo? To je pitanje koje \u010desto postavljam drugim fotografima kad dr\u017eim predavanja ili prezentacije o mojim fotografijama. Ja mislim da je najproduktivnije fotografisati ono \u0161ta volite i&nbsp; \u0161ta vam je interesantno. Meni su arhitektura, urbanizam, beton, staklo i geometrija interesantno isprepletani svuda oko nas, te volim o tome da razmi\u0161ljam kroz fotografisanje.<\/p>\n\n\n\n<figure class=\"wp-block-image size-large\"><img decoding=\"async\" src=\"https:\/\/aktuelnosti.us\/wp-content\/uploads\/2022\/04\/three-1024x767.jpg\" alt=\"\" class=\"wp-image-68042\" \/><figcaption>Fotografija prozori &#8211; Nikola Oli\u0107<\/figcaption><\/figure>\n\n\n\n<p class=\"wp-block-paragraph\"><em>Uz svaku fotografiju u Va\u0161oj kolekciji objavljene su i precizne koordinate sa kojih je fotografija nastala, koliko su one potrebne i va\u017ene u tuma\u010denju istih?<\/em><em><\/em><\/p>\n\n\n\n<p class=\"wp-block-paragraph\">Potrebne su kao deo &#8222;dogovora&#8220; izme\u0111u mene i posmatra\u010da, da je jasno da su ove fotografije stvarne i da nema popravki u foto\u0161opu ili sklapanja dve razli\u010dite fotografije. Time \u017eelim tako\u0111e da nateram posmatra\u010da da mora da prihvati fotografiju kao stvarnost i da proba da odgonetne o \u010demu se radi, jer \u010desto to nije odmah jasno. Kao recimo slike Francuskog slikara <em>Rene Magritte<\/em>. Svaki put kad ih pogledate znate da \u0107e biti neka jedna\u010dina koja \u0107e morati da se re\u0161i.<\/p>\n\n\n\n<p class=\"wp-block-paragraph\"><em>Za\u0161to kada fotografi\u0161ete napolju praktikujete&nbsp;&nbsp;\u201cguerrilla photography\u201d i kakav je to na\u010din fotografisanja?<\/em><em><\/em><\/p>\n\n\n\n<p class=\"wp-block-paragraph\">Na mojim fotografijama nema ljudi, nema slova niti brojki i nema pomaga\u010da kojima bi mogli da razumete proporcije i dimenzije fotografije. Zbog toga je potrebno na\u0107i pravi ugao da se fotografija stvori, a to zna\u010di pentrati se po gara\u017eama, ulaziti u druge zgrade, penjati se na skladi\u0161ta, puziti izme\u0111u kola, preskakati ograde, hodati po gelenderima, i tako dalje. Zato sam taj na\u010din fotografisanja nazvao <em>guerrilla photography.<\/em><\/p>\n\n\n\n<p class=\"wp-block-paragraph\"><em>Da li je fotografija skup hobi i koji Vi aparat koristite sada?<\/em><em><\/em><\/p>\n\n\n\n<p class=\"wp-block-paragraph\">Fotografija u principu, za mene, uop\u0161te nije skup hobi, sve je digitalno, fotografije objavim na mom <a href=\"https:\/\/www.structurephotography.org\/\" target=\"_blank\" rel=\"noreferrer noopener\">websajtu<\/a> ili na instagramu i naravno u dogovoru sa raznim drugim publikacijama i \u010dasopisima, gde samo moram da po\u0161aljem same digitalne fotografije. Ja koristim samo jednu kameru, Nikon Coolpix B700, koja ko\u0161ta oko $350. Ono \u0161to jeste dodatni tro\u0161ak su putovanja, a taj problem re\u0161avam time \u0161to tra\u017eim jeftine karte da otputujem na samo pola dana. Te karte obi\u010dno ko\u0161taju manje od $100 ovde u Americi, \u0161to relativno govore\u0107i nije veliki tro\u0161ak.<\/p>\n\n\n\n<figure class=\"wp-block-image size-large\"><img decoding=\"async\" src=\"https:\/\/aktuelnosti.us\/wp-content\/uploads\/2022\/04\/naturaldigital-768x1024.jpg\" alt=\"\" class=\"wp-image-68044\" \/><figcaption>Priroda i boje &#8211; Nikola Oli\u0107<\/figcaption><\/figure>\n\n\n\n<p class=\"wp-block-paragraph\"><em>Kako su Va\u0161e fotografije postale deo fotografskih kolekcija mnogih poznatih ameri\u010dkih i evropskih muzeja?<\/em><em><\/em><\/p>\n\n\n\n<p class=\"wp-block-paragraph\">Ja, Nikola Oli\u0107 sam sam svoj svoj PR (Public Relations) i kontakte sa svim kupcima, galerijama, novinama, sajtovima, \u010dasopisima i drugim institucijama kao \u0161to su muzeji. Nekad su to festivali ili takmi\u010denja gde moja fotografija izgura neko svoje mesto, nekad je prosto kontakt sa kustosima koji bi \u017eeleli da imaju moju fotografiju kod njih na zidu. &nbsp;<br><br><em>I za kraj, koji je to savet koji bi Nikola Oli\u0107 dao mladim budu\u0107im fotografima?<\/em><\/p>\n\n\n\n<p class=\"wp-block-paragraph\">Fotografi\u0161ite ono \u0161ta volite i znate, ne\u0161to u \u010demu se najlak\u0161e izgubite. Time fotografija ne mora da bude posao, ve\u0107 u\u017eivanje kojim mo\u017eete lagano ili ubrzano ili kako god ho\u0107ete da se bavite celog \u017eivota, sa \u0161to ve\u0107im vizuelnim, psiholo\u0161kim i mentalnim zadovoljstvom. <\/p>\n\n\n\n<p class=\"wp-block-paragraph\">Nikola Oli\u0107 \u0107e nesumnjivo nizati jo\u0161 puno uspeha u svojoj fotografskoj karijeri. Na\u0161a redakcija mu \u017eeli da se njegovo ime pro\u010duje na jo\u0161 kontinenata, a njegove fotografije postanu kultne.<\/p>\n\n\n\n<p class=\"wp-block-paragraph\" style=\"font-size:10px\">PI\u0160E: MARIJA POPOVI\u0106 I FOTO: PRIVATNA ARHIVA<\/p>","protected":false},"excerpt":{"rendered":"<p>Nikola Oli\u0107 je srpski fotograf koji \u017eivi i radi u Dalasu, u Ameri\u010dkoj dr\u017eavi Teksas. Fokusira se na arhitekturu i druge objekte iz urbane sredine, koje u svojim fotografijama posmatra kroz vizuelnu razigranost, nepredvidivost, humor i lako\u0107u. Uz svaku fotografiju u njegovoj kolekciji objavljene su i precizne koordinate sa kojih je fotografija nastala, \u010dime se [&hellip;]<\/p>\n","protected":false},"author":3,"featured_media":0,"comment_status":"","ping_status":"","sticky":false,"template":"","format":"standard","meta":{"footnotes":""},"categories":[368,599],"tags":[538,8369,55067,4178,370,881,9268,33064,52704,55068,429,55069,973,3431,55070],"class_list":["post-38822","post","type-post","status-publish","format-standard","hentry","category-vesti-amerika","category-predstavljamo","tag-amerika","tag-arhitektura","tag-b92","tag-bbc","tag-cikago","tag-cnn","tag-dalas","tag-fotograf","tag-fotografisanje","tag-guerrilla-photography","tag-new-york","tag-nikola-olic-2","tag-politika","tag-putovanja","tag-srpski-fotograf"],"_links":{"self":[{"href":"https:\/\/chicagodesavanja.us\/en\/wp-json\/wp\/v2\/posts\/38822","targetHints":{"allow":["GET"]}}],"collection":[{"href":"https:\/\/chicagodesavanja.us\/en\/wp-json\/wp\/v2\/posts"}],"about":[{"href":"https:\/\/chicagodesavanja.us\/en\/wp-json\/wp\/v2\/types\/post"}],"author":[{"embeddable":true,"href":"https:\/\/chicagodesavanja.us\/en\/wp-json\/wp\/v2\/users\/3"}],"replies":[{"embeddable":true,"href":"https:\/\/chicagodesavanja.us\/en\/wp-json\/wp\/v2\/comments?post=38822"}],"version-history":[{"count":0,"href":"https:\/\/chicagodesavanja.us\/en\/wp-json\/wp\/v2\/posts\/38822\/revisions"}],"wp:attachment":[{"href":"https:\/\/chicagodesavanja.us\/en\/wp-json\/wp\/v2\/media?parent=38822"}],"wp:term":[{"taxonomy":"category","embeddable":true,"href":"https:\/\/chicagodesavanja.us\/en\/wp-json\/wp\/v2\/categories?post=38822"},{"taxonomy":"post_tag","embeddable":true,"href":"https:\/\/chicagodesavanja.us\/en\/wp-json\/wp\/v2\/tags?post=38822"}],"curies":[{"name":"WP","href":"https:\/\/api.w.org\/{rel}","templated":true}]}}