{"id":38756,"date":"2022-04-12T07:37:46","date_gmt":"2022-04-12T07:37:46","guid":{"rendered":"https:\/\/chicagodesavanja.us\/hari-objavljuje-papire-iz-palate\/"},"modified":"2022-04-12T07:37:46","modified_gmt":"2022-04-12T07:37:46","slug":"hari-objavljuje-papire-iz-palate","status":"publish","type":"post","link":"https:\/\/chicagodesavanja.us\/en\/vesti\/hari-objavljuje-papire-iz-palate\/","title":{"rendered":"Hari objavljuje \u201ePapire iz palate\u201c, na udaru dva \u010dlana kraljevske porodice"},"content":{"rendered":"<p class=\"wp-block-paragraph\">Britanski princ Hari ne mo\u017ee da podnese suprugu svog oca Kamilu, vojvotkinju od Kornvola i mogao da bi da produbi svoj razdor sa kraljevskom porodicom tako \u0161to \u0107e u svojim memoarima ciljati nju i svog oca, princa \u010carlsa, tvrdi biograf princeze Dajane.<\/p>\n\n\n\n<p class=\"wp-block-paragraph\">U razgovoru za magazin Telegraf, uo\u010di objavljivanja svoje nove knjige \u201ePapiri iz palate\u201c, Tina Braun (68) istakla je da se vojvoda od Saseksa nikada nije pomirio sa vezom princa \u010carlsa i Kamile i da ne \u017eeli da Kamila postane kraljica.<\/p>\n\n\n\n<p class=\"wp-block-paragraph\">Ona je dodala da \u0107e sin princa \u010carlsa koji sada \u017eivi u Kaliforniji sa suprugom Megan Markl i njihovom decom, Ar\u010dijem i Lilibet, verovatno izraziti svoje nezadovoljstvo i frustraciju u memoarima koje pi\u0161e, a koji bi trebali da budu objavljeni kasnije ove godine.<\/p>\n\n\n\n<p class=\"wp-block-paragraph\">Braun koja je napisala \u201eDajanine hronike\u201c 2006. godine, istakla je da je Vilijam bio zgro\u017een zbog Meganinog napada na Kejt, prenosi&nbsp;<a href=\"https:\/\/www.dailymail.co.uk\/femail\/article-10704491\/Prince-Harry-Prince-Charles-Duchess-Cornwall-upcoming-memoirs.html\" target=\"_blank\" rel=\"noreferrer noopener\">Dejli mejl.<\/a><\/p>\n\n\n\n<p class=\"wp-block-paragraph\">&#8222;Ali to nije i\u0161ta u pore\u0111enju sa tim koliko \u0107e biti besan kada ova knjiga iza\u0111e. Zato \u0161to Hari ne\u0107e &#8216;napasti&#8217; kraljicu, ona je sveta. I verovatno ne\u0107e krenuti na Kejt, koju veoma voli. Ali \u0107e &#8216;napasti&#8217; \u010carlsa, Kamilu i mo\u017eda Vilijama&#8220;, istakla je.<\/p>\n\n\n\n<p class=\"wp-block-paragraph\">Braun koja je godinama izve\u0161tavala o kraljevskoj porodici kao Tetlerov glavni urednik i urednik Veniti fera, rekla je da Hari nikada nije voleo Kamilu.<\/p>\n\n\n\n<p class=\"wp-block-paragraph\">U svojoj novoj knjizi, autorka je citirala neimenovanog \u010dlana kraljevskog osoblja, koji je rekao da je, kada su Harija kona\u010dno nagovorili da budu istoj prostoriji sa Kamilom, on je \u0107utao i upu\u0107ivao ljutite poglede.<\/p>\n\n\n\n<p class=\"wp-block-paragraph\">Ona je istekla da je princ Vilijam prihvatio vezu svog oca sa Kamilom, ali je dodala da je vojvoda od Saseksa ljut \u0161to \u0107e vojvotkinja od Kornvola postati kraljica supruga kada \u010carls stupi na tron.<\/p>\n\n\n\n<p class=\"wp-block-paragraph\">Vilijamov i Harijev odnos je prvi put bio poljuljan uo\u010di Megzita i polako se pogor\u0161avao kako su meseci prolazili. Vojvoda od Kembrid\u017ea je navodno besan zbog stalnih napada brata na kraljevsku porodicu. Posebno ga je razbesnelo to \u0161to je meta bila i njegova supruga, vojvotkinja od Kembrid\u017ea.<\/p>\n\n\n\n<p class=\"wp-block-paragraph\">Hari i Vilijam zajedno su fotografisani samo dva puta od kada su Hari i Megan napustili kraljevske du\u017enosti. Videli su se na sahrani svog dede princa Filipa u aprilu pro\u0161le godine i na otkrivanju statue u \u010dast njihove majke princeze Dajane pro\u0161log leta.<\/p>\n\n\n\n<p class=\"wp-block-paragraph\">U razgovoru za Dejli Telegraf, Braun isti\u010de da je razdor sa Harijem bio prava \u0161teta za kraljevsku porodicu jer je Hari uz Kejt jedan od retkih ljudi koji mogu da dr\u017ee Vilijama &#8222;na zemlji&#8220;.<\/p>\n\n\n\n<p class=\"wp-block-paragraph\"><\/p>\n\n\n\n<p class=\"wp-block-paragraph\" style=\"font-size:10px\">SOURCE: <a href=\"https:\/\/nova.rs\/svet\/hari-objavljuje-papire-iz-palate-na-udaru-dva-clana-kraljevske-porodice\/\" target=\"_blank\" rel=\"noreferrer noopener\">NOVA <\/a>PHOTO: SCREENSHOT<\/p>","protected":false},"excerpt":{"rendered":"<p>Britanski princ Hari ne mo\u017ee da podnese suprugu svog oca Kamilu, vojvotkinju od Kornvola i mogao da bi da produbi svoj razdor sa kraljevskom porodicom tako \u0161to \u0107e u svojim memoarima ciljati nju i svog oca, princa \u010carlsa, tvrdi biograf princeze Dajane. U razgovoru za magazin Telegraf, uo\u010di objavljivanja svoje nove knjige \u201ePapiri iz palate\u201c, [&hellip;]<\/p>\n","protected":false},"author":4,"featured_media":0,"comment_status":"","ping_status":"","sticky":false,"template":"","format":"standard","meta":{"footnotes":""},"categories":[431,369],"tags":[],"class_list":["post-38756","post","type-post","status-publish","format-standard","hentry","category-svet","category-vesti"],"_links":{"self":[{"href":"https:\/\/chicagodesavanja.us\/en\/wp-json\/wp\/v2\/posts\/38756","targetHints":{"allow":["GET"]}}],"collection":[{"href":"https:\/\/chicagodesavanja.us\/en\/wp-json\/wp\/v2\/posts"}],"about":[{"href":"https:\/\/chicagodesavanja.us\/en\/wp-json\/wp\/v2\/types\/post"}],"author":[{"embeddable":true,"href":"https:\/\/chicagodesavanja.us\/en\/wp-json\/wp\/v2\/users\/4"}],"replies":[{"embeddable":true,"href":"https:\/\/chicagodesavanja.us\/en\/wp-json\/wp\/v2\/comments?post=38756"}],"version-history":[{"count":0,"href":"https:\/\/chicagodesavanja.us\/en\/wp-json\/wp\/v2\/posts\/38756\/revisions"}],"wp:attachment":[{"href":"https:\/\/chicagodesavanja.us\/en\/wp-json\/wp\/v2\/media?parent=38756"}],"wp:term":[{"taxonomy":"category","embeddable":true,"href":"https:\/\/chicagodesavanja.us\/en\/wp-json\/wp\/v2\/categories?post=38756"},{"taxonomy":"post_tag","embeddable":true,"href":"https:\/\/chicagodesavanja.us\/en\/wp-json\/wp\/v2\/tags?post=38756"}],"curies":[{"name":"WP","href":"https:\/\/api.w.org\/{rel}","templated":true}]}}