{"id":38518,"date":"2022-04-30T06:30:00","date_gmt":"2022-04-30T06:30:00","guid":{"rendered":"https:\/\/chicagodesavanja.us\/malo-je-verovatno-da-ce-sjedinjene-drzave-ikada-eliminisati-kovid-19\/"},"modified":"2022-04-30T06:30:00","modified_gmt":"2022-04-30T06:30:00","slug":"malo-je-verovatno-da-ce-sjedinjene-drzave-ikada-eliminisati-kovid-19","status":"publish","type":"post","link":"https:\/\/chicagodesavanja.us\/en\/vesti\/malo-je-verovatno-da-ce-sjedinjene-drzave-ikada-eliminisati-kovid-19\/","title":{"rendered":"FDA in June on vaccines for the youngest, Fauci points out that the pandemic is not over"},"content":{"rendered":"<p class=\"wp-block-paragraph\">Pandemija koronavirusa nije zavr\u0161ena i malo je verovatno da \u0107e Sjedinjene Dr\u017eave ikada eliminisati Kovid 19, ali bi trebalo da poku\u0161aju da kontroli\u0161u virus, rekao je vode\u0107i ameri\u010dki ekspert za zarazne bolesti doktor\u00a0Entoni Fau\u010di.<\/p>\n\n\n\n<p class=\"wp-block-paragraph\">Zdravstveni zvani\u010dnici se nadaju da \u0107e zemlja iza\u0107i iz, kako se izrazio, &#8222;akutne pandemijske faze&#8220; i do\u0107i u situaciju da mo\u017ee da kontroli\u0161e virus&#8220;, rekao je Fau\u010di na virtuelnom skupu, koji je organizovao Nacionalni pres klub u Va\u0161ingtonu.<\/p>\n\n\n\n<p class=\"wp-block-paragraph\"><em>&#8222;Kada sam rekao da vi\u0161e nismo u toj te\u0161koj akutnoj fazi, to ne zna\u010di da je pandemija zavr\u0161ena. Nije. I dalje smo u globalnoj pandemiji&#8220;,<\/em>&nbsp;ocenio je Fau\u010di.<\/p>\n\n\n\n<p class=\"wp-block-paragraph\">U me\u0111uvremenu, ameri\u010dka Uprava za hranu i lekove (FDA) saop\u0161tila je da \u0107e njen savetodavni ekspertski odbor u junu razmotriti zahteve kompanija &#8222;Fajzer&#8220; i &#8222;Moderna&#8220; da se odobri njihova vakcina protiv Kovida 19 za malu decu.<\/p>\n\n\n\n<p class=\"wp-block-paragraph\">FDA je saop\u0161tila da \u0107e tako\u0111e sazvati sastanak na kojem \u0107e razmotriti zahtev Novavaksa za hitnu upotrebu vakcine te kompanije za osobe starije od 18 godina.<\/p>\n\n\n\n<p class=\"wp-block-paragraph\">Moderna je u \u010detvrtak zatra\u017eila da ameri\u010dki regulatori odobre njenu vakcinu za decu mla\u0111u od 6 godina. Fajzerova primarna vakcina odobrena je za decu stariju od 5 godina u SAD.<\/p>\n\n\n\n<p class=\"wp-block-paragraph\">Fajzer, koji je prethodno rekao da o\u010dekuje da \u0107e u aprilu objaviti najnovije podatke o svojoj vakcini za decu mla\u0111u od 5 godina, nije dao novi vremenski rok za objavljivanje tih rezultata. Me\u0111utim, kompanija je saop\u0161tila da \u0107e do juna podneti zahtev regulatorima za odobrenje vakcine za taj uzrast.<\/p>\n\n\n\n<p class=\"wp-block-paragraph\">Ameri\u010dki regulatori tako\u0111e bi trebalo da raspravljaju o tome da li bi sastav vakcina protiv kovida trebalo modifikovati i ako treba, koje bi sojeve trebalo uzeti u obzir za jesen 2022. godine.<\/p>\n\n\n\n<p class=\"wp-block-paragraph\" style=\"font-size:10px\">SOURCE: <a href=\"https:\/\/www.glasamerike.net\/a\/6550574.html\" target=\"_blank\" rel=\"noreferrer noopener\">GLASAMERIKE<\/a> PHOTO: SCREENSHOT<\/p>","protected":false},"excerpt":{"rendered":"<p>Pandemija koronavirusa nije zavr\u0161ena i malo je verovatno da \u0107e Sjedinjene Dr\u017eave ikada eliminisati Kovid 19, ali bi trebalo da poku\u0161aju da kontroli\u0161u virus, rekao je vode\u0107i ameri\u010dki ekspert za zarazne bolesti doktor\u00a0Entoni Fau\u010di. Zdravstveni zvani\u010dnici se nadaju da \u0107e zemlja iza\u0107i iz, kako se izrazio, &#8222;akutne pandemijske faze&#8220; i do\u0107i u situaciju da mo\u017ee [&hellip;]<\/p>\n","protected":false},"author":3,"featured_media":0,"comment_status":"","ping_status":"","sticky":false,"template":"","format":"standard","meta":{"wpai_generated_summary":"","footnotes":""},"categories":[368,369],"tags":[538,42128,3478,414,43053,422,549,1215,5446],"class_list":["post-38518","post","type-post","status-publish","format-standard","hentry","category-vesti-amerika","category-vesti","tag-amerika","tag-jun","tag-kontrola","tag-kovid","tag-skup","tag-vakcina","tag-vasington-2","tag-vesti","tag-virus"],"_links":{"self":[{"href":"https:\/\/chicagodesavanja.us\/en\/wp-json\/wp\/v2\/posts\/38518","targetHints":{"allow":["GET"]}}],"collection":[{"href":"https:\/\/chicagodesavanja.us\/en\/wp-json\/wp\/v2\/posts"}],"about":[{"href":"https:\/\/chicagodesavanja.us\/en\/wp-json\/wp\/v2\/types\/post"}],"author":[{"embeddable":true,"href":"https:\/\/chicagodesavanja.us\/en\/wp-json\/wp\/v2\/users\/3"}],"replies":[{"embeddable":true,"href":"https:\/\/chicagodesavanja.us\/en\/wp-json\/wp\/v2\/comments?post=38518"}],"version-history":[{"count":0,"href":"https:\/\/chicagodesavanja.us\/en\/wp-json\/wp\/v2\/posts\/38518\/revisions"}],"wp:attachment":[{"href":"https:\/\/chicagodesavanja.us\/en\/wp-json\/wp\/v2\/media?parent=38518"}],"wp:term":[{"taxonomy":"category","embeddable":true,"href":"https:\/\/chicagodesavanja.us\/en\/wp-json\/wp\/v2\/categories?post=38518"},{"taxonomy":"post_tag","embeddable":true,"href":"https:\/\/chicagodesavanja.us\/en\/wp-json\/wp\/v2\/tags?post=38518"}],"curies":[{"name":"WP","href":"https:\/\/api.w.org\/{rel}","templated":true}]}}