{"id":38303,"date":"2022-05-15T09:39:00","date_gmt":"2022-05-15T09:39:00","guid":{"rendered":"https:\/\/chicagodesavanja.us\/povratak-njujorka-u-nekadasnji-ritam-usporen\/"},"modified":"2022-05-15T09:39:00","modified_gmt":"2022-05-15T09:39:00","slug":"povratak-njujorka-u-nekadasnji-ritam-usporen","status":"publish","type":"post","link":"https:\/\/chicagodesavanja.us\/en\/vesti\/povratak-njujorka-u-nekadasnji-ritam-usporen\/","title":{"rendered":"U kancelarije na Menhetnu vratilo se samo 8 odsto radnika"},"content":{"rendered":"<p class=\"wp-block-paragraph\">Povratak Njujorka u uobi\u010dajeni ritam nakon pandemije koronavirusa jo\u0161 je usporen jer se tek manji deo kancelarijskih radnika Menhetna i fizi\u010dki vratio na posao, pokazalo je istra\u017eivanje.<\/p>\n\n\n\n<p class=\"wp-block-paragraph\">Rezultati istra\u017eivanja koje je sprovela firma Partnership for New York City, a predstavlja najve\u0107e poslodavce \u201eVelike jabuke\u201c, pokazuju da je krajem aprila na uobi\u010dajen radni dan od ku\u0107e radilo \u010dak 62 odsto kancelarijskih radnika kojima je radno mesto na Menhetnu, a tek svaki dvanaesti ili samo njih osam odsto je pet dana u sedmici i fizi\u010dki dolazilo u kancelariju.<\/p>\n\n\n\n<p class=\"wp-block-paragraph\"><strong>Povratak sporiji od o\u010dekivanog<\/strong><\/p>\n\n\n\n<p class=\"wp-block-paragraph\">\u201e\u0160to su ljudi du\u017ee radili od ku\u0107e, to su du\u017ee \u017eeleli da nastave da rade na taj na\u010din. To se zove inercija. \u0160to du\u017ee ljudi rade jednu stvar, te\u017ee ih je kasnije naterati da promene navike\u201c, rekla je\u00a0Kathy Wylde, izvr\u0161na direktorka Partnership for New York City.<\/p>\n\n\n\n<p class=\"wp-block-paragraph\">Povratak na posao daleko je sporiji od predvi\u0111anja organizacije pre nego \u0161to je omikron prvi put onemogu\u0107io normalan \u017eivot u \u201eVelikoj jabuci\u201c.<\/p>\n\n\n\n<p class=\"wp-block-paragraph\">Istra\u017eivanje sprovedeno krajem oktobra ukazivalo je na to da \u0107e gotovo polovina kancelarijskih radnika s Menhetna u svoje kancelarije fizi\u010dki dolaziti ve\u0107 do kraja januara. Predvi\u0111anja o povratku u normalu pokazala su se neta\u010dnim i pre godinu dana.<\/p>\n\n\n\n<p class=\"wp-block-paragraph\">Istra\u017eivanje iz marta 2021. pokazalo je da su poslodavci o\u010dekivali povratak oko polovine radnika u kancelarije do septembra pro\u0161le godine.<\/p>\n\n\n\n<p class=\"wp-block-paragraph\">Oko 78 odsto velikih gradskih firmi i poslodavaca veruje da \u0107e se me\u0111u zaposlenima zadr\u017eati kombinacija rada na daljinu i fizi\u010dkog odlaska u kancelariju, pokazalo je istra\u017eivanje.<\/p>\n\n\n\n<p class=\"wp-block-paragraph\"><strong>Njujor\u010danima problem kriminal i uznemiravanje<\/strong><\/p>\n\n\n\n<p class=\"wp-block-paragraph\">Kao jedan od razloga zbog kojih se nerado odlu\u010duju za povratak u kancelariju, brojni Njujor\u010dani i dalje navode kriminal i uznemiravanje. Gotovo dve tre\u0107ine ispitanih odgovorili su da bi povratku radnika uveliko doprinelo pobolj\u0161anje javne bezbednosti i re\u0161avanje krize s besku\u0107nicima u tom vi\u0161emilionskom gradu.<\/p>\n\n\n\n<p class=\"wp-block-paragraph\">\u201eAnketa je otkrila da su ljudi zabrinuti zbog kriminala, besku\u0107ni\u0161tva i mentalnog zdravlja, ali istovremeno \u010dekaju da se i njihove kolege vrate u kancelarije. Zapravo, svi \u010dekaju da se Menhetn vrati na ono \u0161to je bio 2019\u201c, rekla je Wylde.<\/p>\n\n\n\n<p class=\"wp-block-paragraph\">\u201eKada u podzemnoj \u017eeleznici stanovnici Njujorka opaze ve\u0107i broj policajaca, to im vra\u0107a ose\u0107aj sigurnosti i pru\u017ea zna\u010dajno olak\u0161anje, ali istovremeno na ulicama vide puno besku\u0107nika koji pate od raznih mentalnih poreme\u0107aja, a niko se o njima ne brine. Mnogi se nasred ulice drogiraju. To ih uznemiruje i odvra\u0107a od dolaska u kanclearije, rekla je Wylde.<\/p>\n\n\n\n<p class=\"wp-block-paragraph\">\u201e\u0160to je manje putnika koji svakodnevno sti\u017eu u Njujork iz predgra\u0111a, to je manje ljudi na ulicama koji rade svoj posao, a sve sobom povla\u010di nove probleme\u201c, dodala je ona.<\/p>\n\n\n\n<p class=\"wp-block-paragraph\">Wylde je uverena da \u0107e se ljudi u idu\u0107e dve godine ipak vratiti u svoje kancelarije na Menhetnu, ali istovremeno bi zbog sporog procesa povratka mogla da strada ekonomija velikoga grada.<\/p>\n\n\n\n<p class=\"wp-block-paragraph\" style=\"font-size:10px\">SOURCE: <a href=\"https:\/\/www.bankar.me\/2022\/05\/13\/u-kancelarije-na-menhetnu-vratilo-se-samo-osam-odsto-radnika\/\" target=\"_blank\" rel=\"noreferrer noopener\">BANKAR.ME<\/a> I FOTO: BLOOMBERG<\/p>","protected":false},"excerpt":{"rendered":"<p>Povratak Njujorka u uobi\u010dajeni ritam nakon pandemije koronavirusa jo\u0161 je usporen jer se tek manji deo kancelarijskih radnika Menhetna i fizi\u010dki vratio na posao, pokazalo je istra\u017eivanje. Rezultati istra\u017eivanja koje je sprovela firma Partnership for New York City, a predstavlja najve\u0107e poslodavce \u201eVelike jabuke\u201c, pokazuju da je krajem aprila na uobi\u010dajen radni dan od ku\u0107e [&hellip;]<\/p>\n","protected":false},"author":3,"featured_media":0,"comment_status":"","ping_status":"","sticky":false,"template":"","format":"standard","meta":{"wpai_generated_summary":"","footnotes":""},"categories":[368,369],"tags":[376,426,38912,389,44237,430,33708,33166,52745],"class_list":["post-38303","post","type-post","status-publish","format-standard","hentry","category-vesti-amerika","category-vesti","tag-koronavirus","tag-kriminal","tag-menhetn","tag-nezaposlenost","tag-njujorcani","tag-njujork","tag-povratak-u-kancelarije","tag-rad-od-kuce","tag-rad-u-kancelariji"],"_links":{"self":[{"href":"https:\/\/chicagodesavanja.us\/en\/wp-json\/wp\/v2\/posts\/38303","targetHints":{"allow":["GET"]}}],"collection":[{"href":"https:\/\/chicagodesavanja.us\/en\/wp-json\/wp\/v2\/posts"}],"about":[{"href":"https:\/\/chicagodesavanja.us\/en\/wp-json\/wp\/v2\/types\/post"}],"author":[{"embeddable":true,"href":"https:\/\/chicagodesavanja.us\/en\/wp-json\/wp\/v2\/users\/3"}],"replies":[{"embeddable":true,"href":"https:\/\/chicagodesavanja.us\/en\/wp-json\/wp\/v2\/comments?post=38303"}],"version-history":[{"count":0,"href":"https:\/\/chicagodesavanja.us\/en\/wp-json\/wp\/v2\/posts\/38303\/revisions"}],"wp:attachment":[{"href":"https:\/\/chicagodesavanja.us\/en\/wp-json\/wp\/v2\/media?parent=38303"}],"wp:term":[{"taxonomy":"category","embeddable":true,"href":"https:\/\/chicagodesavanja.us\/en\/wp-json\/wp\/v2\/categories?post=38303"},{"taxonomy":"post_tag","embeddable":true,"href":"https:\/\/chicagodesavanja.us\/en\/wp-json\/wp\/v2\/tags?post=38303"}],"curies":[{"name":"WP","href":"https:\/\/api.w.org\/{rel}","templated":true}]}}