{"id":38231,"date":"2022-05-20T05:45:00","date_gmt":"2022-05-20T05:45:00","guid":{"rendered":"https:\/\/chicagodesavanja.us\/predstavnicki-dom-americkog-kongresa-usvojio-je-zakon-kojim-se-jacaju-federalni-resursi-u-borbi-protiv-domaceg-terorizma\/"},"modified":"2022-05-20T05:45:00","modified_gmt":"2022-05-20T05:45:00","slug":"predstavnicki-dom-americkog-kongresa-usvojio-je-zakon-kojim-se-jacaju-federalni-resursi-u-borbi-protiv-domaceg-terorizma","status":"publish","type":"post","link":"https:\/\/chicagodesavanja.us\/en\/vesti\/predstavnicki-dom-americkog-kongresa-usvojio-je-zakon-kojim-se-jacaju-federalni-resursi-u-borbi-protiv-domaceg-terorizma\/","title":{"rendered":"Predstavni\u010dki dom SAD usvojio zakon o terorizmu"},"content":{"rendered":"<p class=\"wp-block-paragraph\">Predstavni\u010dki dom ameri\u010dkog Kongresa usvojio je zakon kojim se ja\u010daju federalni resursi u borbi protiv doma\u0107eg terorizma, posle masovnog ubistva pre nekoliko dana u Bafalu, u saveznoj dr\u017eavi Njujork. <\/p>\n\n\n\n<p class=\"wp-block-paragraph\">Za zakon su glasala 222 \u010dlana Predstavni\u010dkog doma, a 203 su bila protiv, uglavnom iz redova republikanaca. Jedini republikanac koji je glasao za je Adam Kinsind\u017eer. Oni koji podr\u017eavaju zakon smatraju da se njime pokrivaju &#8222;rupe&#8220; u deljenju obave\u0161tajnih podataka izme\u0111u ministarstva pravosu\u0111a i ministarstva unutra\u0161njih poslova i Federalnog istra\u017enog biroa (FBI), i da \u0107e boljim umre\u017eavanjem biti olak\u0161ano i pra\u0107enje potencijalnih doma\u0107ih terorista.<\/p>\n\n\n\n<p class=\"wp-block-paragraph\">Prema sada\u0161njim zakonima, federalne agencije mogu da prate one za koje sumnjaju da su teroristi, ali moraju da otvore posebne kancelarije za to, i da formiraju radne grupe.<\/p>\n\n\n\n<p class=\"wp-block-paragraph\">Ovim zakonom \u0107e biti obezbe\u0111eno oko 105 miliona dolara za narednih pet godina, a novac je namenjen uglavnom za zapo\u0161ljavanje potrebnog osoblja.<\/p>\n\n\n\n<p class=\"wp-block-paragraph\">Zakonom je predvi\u0111eno da nadle\u017ene agencije svakih \u0161est meseci podnose izve\u0161taj i procene o doma\u0107em terorizmu i pretnjama koje \u0161alju neonacisti\u010dke i rasisti\u010dke grupe.<\/p>\n\n\n\n<p class=\"wp-block-paragraph\">Demokrate u Senatu obe\u0107avaju da \u0107e o ovom zakonu glasati slede\u0107e nedelje. Ali, \u0161anse za usvajanje su neizvesne jer demokrate imaju 50 od 100 mesta u Senatu, i ne glasaju uvek svi senatori za.<\/p>\n\n\n\n<p class=\"wp-block-paragraph\">Republikanci su protiv ovog zakona jer smatraju da daje previ\u0161e ovla\u0161\u0107enja Ministarstvu pravosu\u0111a da mo\u017ee da sprovodi nadzor nad pojedincima. Smatraju i da se zakonom ne tretiraju levi\u010darske ekstremisti\u010dke grupe.<\/p>\n\n\n\n<p class=\"wp-block-paragraph\" style=\"font-size:10px\">SOURCE: <a href=\"https:\/\/www.euronews.rs\/svet\/fokus\/48870\/predstavnicki-dom-sad-usvojio-zakon-o-terorizmu\/vest\" target=\"_blank\" rel=\"noreferrer noopener\">EURONEWS<\/a> PHOTO: GOOGLE <\/p>","protected":false},"excerpt":{"rendered":"<p>Predstavni\u010dki dom ameri\u010dkog Kongresa usvojio je zakon kojim se ja\u010daju federalni resursi u borbi protiv doma\u0107eg terorizma, posle masovnog ubistva pre nekoliko dana u Bafalu, u saveznoj dr\u017eavi Njujork. Za zakon su glasala 222 \u010dlana Predstavni\u010dkog doma, a 203 su bila protiv, uglavnom iz redova republikanaca. Jedini republikanac koji je glasao za je Adam Kinsind\u017eer. [&hellip;]<\/p>\n","protected":false},"author":3,"featured_media":0,"comment_status":"","ping_status":"","sticky":false,"template":"","format":"standard","meta":{"wpai_generated_summary":"","footnotes":""},"categories":[368,369],"tags":[13210,538,4214,44209,1215,54224],"class_list":["post-38231","post","type-post","status-publish","format-standard","hentry","category-vesti-amerika","category-vesti","tag-americki-kongres","tag-amerika","tag-predstavnicki-dom-2","tag-usvojen-zakon","tag-vesti","tag-zakon-o-terorizmu"],"_links":{"self":[{"href":"https:\/\/chicagodesavanja.us\/en\/wp-json\/wp\/v2\/posts\/38231","targetHints":{"allow":["GET"]}}],"collection":[{"href":"https:\/\/chicagodesavanja.us\/en\/wp-json\/wp\/v2\/posts"}],"about":[{"href":"https:\/\/chicagodesavanja.us\/en\/wp-json\/wp\/v2\/types\/post"}],"author":[{"embeddable":true,"href":"https:\/\/chicagodesavanja.us\/en\/wp-json\/wp\/v2\/users\/3"}],"replies":[{"embeddable":true,"href":"https:\/\/chicagodesavanja.us\/en\/wp-json\/wp\/v2\/comments?post=38231"}],"version-history":[{"count":0,"href":"https:\/\/chicagodesavanja.us\/en\/wp-json\/wp\/v2\/posts\/38231\/revisions"}],"wp:attachment":[{"href":"https:\/\/chicagodesavanja.us\/en\/wp-json\/wp\/v2\/media?parent=38231"}],"wp:term":[{"taxonomy":"category","embeddable":true,"href":"https:\/\/chicagodesavanja.us\/en\/wp-json\/wp\/v2\/categories?post=38231"},{"taxonomy":"post_tag","embeddable":true,"href":"https:\/\/chicagodesavanja.us\/en\/wp-json\/wp\/v2\/tags?post=38231"}],"curies":[{"name":"WP","href":"https:\/\/api.w.org\/{rel}","templated":true}]}}