{"id":38198,"date":"2022-06-05T06:05:00","date_gmt":"2022-06-05T06:05:00","guid":{"rendered":"https:\/\/chicagodesavanja.us\/zakon-dozvoljava-nastavnicima-u-ohaju-da-nose-oruzje-obuka-24-sata\/"},"modified":"2022-06-05T06:05:00","modified_gmt":"2022-06-05T06:05:00","slug":"zakon-dozvoljava-nastavnicima-u-ohaju-da-nose-oruzje-obuka-24-sata","status":"publish","type":"post","link":"https:\/\/chicagodesavanja.us\/en\/vesti\/zakon-dozvoljava-nastavnicima-u-ohaju-da-nose-oruzje-obuka-24-sata\/","title":{"rendered":"Nastavnici u Ohaju \u0107e mo\u0107i da nose oru\u017eje: Vlasti \u0107e po svaku cenu za\u0161tititi \u017eivote u\u010denika i osoblja (VIDEO)"},"content":{"rendered":"<p class=\"wp-block-paragraph\">Ameri\u010dka dr\u017eava Ohajo donela je zakon koji dozvoljava nastavnicima i drugom nastavnom osoblju da nose oru\u017eje u \u0161kolama po\u0161to zavr\u0161e obuku koja \u0107e trajati samo 24 sata.<\/p>\n\n\n\n<p class=\"wp-block-paragraph\">Nacrt je finalizovan deset dana po\u0161to je<a href=\"https:\/\/www.kurir.rs\/planeta\/3940273\/teksas-ubica-masakr\" target=\"_blank\" rel=\"noreferrer noopener\">\u00a0<\/a><a href=\"https:\/\/chicagodesavanja.us\/en\/vesti\/najmanje-19-ucenika-i-dva-profesora-ubijeni-su-u-pucnjavi-u-osnovnoj-skoli-u-gradu-juvalde-u-drzavi-teksas\/\" target=\"_blank\" rel=\"noreferrer noopener\">tinejd\u017eer ubio\u00a019 u\u010denika i dvoje nastavnika u osnovnoj \u0161koli u Teksasu.<\/a><\/p>\n\n\n\n<p class=\"wp-block-paragraph\">Zakon je u sredu usvojen u parlamentu Ohaja, a sat kasnije istog dana potvr\u0111en je i u lokalnom Senatu. Sada se nalazi na stolu guvernera Ohaja Majka Devajna i \u010deka na potpis.<\/p>\n\n\n\n<figure class=\"wp-block-embed is-type-video is-provider-youtube wp-block-embed-youtube wp-embed-aspect-16-9 wp-has-aspect-ratio\"><div class=\"wp-block-embed__wrapper\">\n<iframe loading=\"lazy\" title=\"Teachers will be allowed to carry guns if Ohio governor signs bill\" width=\"500\" height=\"281\" src=\"https:\/\/www.youtube.com\/embed\/1JH3f6fH2Bg?feature=oembed\" frameborder=\"0\" allow=\"accelerometer; autoplay; clipboard-write; encrypted-media; gyroscope; picture-in-picture; web-share\" referrerpolicy=\"strict-origin-when-cross-origin\" allowfullscreen><\/iframe>\n<\/div><\/figure>\n\n\n\n<p class=\"wp-block-paragraph\">Zakon dozvoljava svakoj odrasloj osobi u dr\u017eavnoj ili privatnoj \u0161koli da nosi &#8222;prikriveno&#8220; vatreno oru\u017eje (pi\u0161tolj) ukoliko \u0161kolski distrikt to odobri.<\/p>\n\n\n\n<p class=\"wp-block-paragraph\">Guverner je posle dono\u0161enja zakona saop\u0161to da je pozvao parlament Ohaja da usvoji re\u0161nje koje \u0107e omogu\u0107iti \u0161kolskim distriktima da, ako \u017eele, odrede naoru\u017eano osoblje u \u0161kolama.<\/p>\n\n\n\n<p class=\"wp-block-paragraph\">Prema dosada\u0161njem zakonu, da bi se oru\u017eje nosilo u \u0161kolskim objektima morala je da se pro\u0111e obuka od 737 sata i to je bilo rezervisano za oficire za obezbe\u0111enje, kako se nazivaju u Ohaju.<\/p>\n\n\n\n<p class=\"wp-block-paragraph\">Guverner ka\u017ee da je radio sa donosiocima propisa kako bi se iz obuke izbacili svi oni elementi koji nisu neophodni za \u0161kolsko okru\u017eenje i obezbedio trening samo za specifi\u010dan scenario.<\/p>\n\n\n\n<p class=\"wp-block-paragraph\">On je zahvalio parlamentu \u0161to je usvojio ovaj zakon koji \u0107e, kako je kazao, za\u0161titi decu i nastavnike Ohaja.<\/p>\n\n\n\n<p class=\"wp-block-paragraph\">Mnogi nastavnici i policajci iz Ohaja protive se novom propisu.<\/p>\n\n\n\n<p class=\"wp-block-paragraph\" style=\"font-size:10px\">SOURCE: <a href=\"https:\/\/www.kurir.rs\/planeta\/3947223\/nastavnici-u-ohaju-ce-moci-da-nose-oruzje\" target=\"_blank\" rel=\"noreferrer noopener\">Courier<\/a> I FOTO: SECURITY MAGAZINE<\/p>","protected":false},"excerpt":{"rendered":"<p>Ameri\u010dka dr\u017eava Ohajo donela je zakon koji dozvoljava nastavnicima i drugom nastavnom osoblju da nose oru\u017eje u \u0161kolama po\u0161to zavr\u0161e obuku koja \u0107e trajati samo 24 sata. Nacrt je finalizovan deset dana po\u0161to je\u00a0tinejd\u017eer ubio\u00a019 u\u010denika i dvoje nastavnika u osnovnoj \u0161koli u Teksasu. Zakon je u sredu usvojen u parlamentu Ohaja, a sat kasnije [&hellip;]<\/p>\n","protected":false},"author":3,"featured_media":0,"comment_status":"","ping_status":"","sticky":false,"template":"","format":"standard","meta":{"footnotes":""},"categories":[368,369],"tags":[2881,54167,21958,36397,1311,2418,18796,54168],"class_list":["post-38198","post","type-post","status-publish","format-standard","hentry","category-vesti-amerika","category-vesti","tag-bezbednost","tag-naoruzani-nastavnici","tag-nastavnici","tag-ohajo","tag-oruzje","tag-skole","tag-ucenici","tag-zastita-djaka-i-nastavnika"],"_links":{"self":[{"href":"https:\/\/chicagodesavanja.us\/en\/wp-json\/wp\/v2\/posts\/38198","targetHints":{"allow":["GET"]}}],"collection":[{"href":"https:\/\/chicagodesavanja.us\/en\/wp-json\/wp\/v2\/posts"}],"about":[{"href":"https:\/\/chicagodesavanja.us\/en\/wp-json\/wp\/v2\/types\/post"}],"author":[{"embeddable":true,"href":"https:\/\/chicagodesavanja.us\/en\/wp-json\/wp\/v2\/users\/3"}],"replies":[{"embeddable":true,"href":"https:\/\/chicagodesavanja.us\/en\/wp-json\/wp\/v2\/comments?post=38198"}],"version-history":[{"count":0,"href":"https:\/\/chicagodesavanja.us\/en\/wp-json\/wp\/v2\/posts\/38198\/revisions"}],"wp:attachment":[{"href":"https:\/\/chicagodesavanja.us\/en\/wp-json\/wp\/v2\/media?parent=38198"}],"wp:term":[{"taxonomy":"category","embeddable":true,"href":"https:\/\/chicagodesavanja.us\/en\/wp-json\/wp\/v2\/categories?post=38198"},{"taxonomy":"post_tag","embeddable":true,"href":"https:\/\/chicagodesavanja.us\/en\/wp-json\/wp\/v2\/tags?post=38198"}],"curies":[{"name":"WP","href":"https:\/\/api.w.org\/{rel}","templated":true}]}}