{"id":38142,"date":"2022-06-09T05:48:00","date_gmt":"2022-06-09T05:48:00","guid":{"rendered":"https:\/\/chicagodesavanja.us\/dvostruko-ubistvo-i-samoubistvo-u-vicenci\/"},"modified":"2022-06-09T05:48:00","modified_gmt":"2022-06-09T05:48:00","slug":"dvostruko-ubistvo-i-samoubistvo-u-vicenci","status":"publish","type":"post","link":"https:\/\/chicagodesavanja.us\/en\/vesti\/dvostruko-ubistvo-i-samoubistvo-u-vicenci\/","title":{"rendered":"Dvostruko ubistvo i samoubistvo u Vi\u0107enci, ubijena \u017eena srpskog porekla"},"content":{"rendered":"<p class=\"wp-block-paragraph\">\u010cetrdesetdvogodi\u0161nji Z.V. ubio je biv\u0161u suprugu L.M, srpskog porekla, na ulici u Vi\u0107enci. Zatim je sa sada\u0161njom devojkom pobegao automobilom, ubio i nju i na kraju oduzeo \u017eivot i sebi.<\/p>\n\n\n\n<p class=\"wp-block-paragraph\">To je tragi\u010dni epilog pri\u010de koja je po\u010dela u sredu ujutru 8. juna u Vi\u0107enci, kada je ubijena L.M, 42-godi\u0161nja \u017eena srpskog porekla. Ubistvo je izvr\u0161io njen biv\u0161i supru\u017enik.<\/p>\n\n\n\n<p class=\"wp-block-paragraph\">Zlo\u010din se dogodio na ulici oko 9.30. Ubicu u bekstvu tra\u017eila je policija na kontrolnim punktovima \u0161irom regiona, specijalnim snagama i upotrebom helikoptera.<\/p>\n\n\n\n<p class=\"wp-block-paragraph\">Forenzi\u010dari i de\u017eurni tu\u017eilac Serena \u010cimi\u010di do\u0161li su na mesto ubistva.<\/p>\n\n\n\n<p class=\"wp-block-paragraph\">U popodnevnim satima, istra\u017eitelji su prona\u0161li njegov automobil na zapadnom obilaznici Vi\u0107ence (izme\u0111u dva tunela prema Padovi), u kome su se nalazila dva tela &#8211; ubice i njegove sada\u0161nje partnerke sa kojim je pobegao.<\/p>\n\n\n\n<p class=\"wp-block-paragraph\">Na lice mesta su stigle i policijske snage za deaktivaciju bombi jer su u autu prona\u0111ene eksplozivne naprave.<\/p>\n\n\n\n<p class=\"wp-block-paragraph\">Prvo ubistvo se dogodio u kvartu Gonja u Vi\u0107enci, u ulici Vigolo, nakon \u0161to je \u010detrdesetdvogodi\u0161nja L.M. ispratila svoje dvoje dece u \u0161kolu.<\/p>\n\n\n\n<p class=\"wp-block-paragraph\">Prema prvim informacijama, mu\u0161karac je po\u010deo da puca dok je \u017ertva jo\u0161 sedela u autu, a zatim je pucao i kada je iza\u0161la, dok je poku\u0161avala pe\u0161ke da pobegne. Stanovnici tog kraja jasno su \u010duli pucnjavu (oko \u0161est pucnja prema nekim svedocima).<\/p>\n\n\n\n<p class=\"wp-block-paragraph\">&#8222;Zvuk pucnjave bio je jak i nismo odmah shvatili \u0161ta se dogodilo&#8220;, kazao je jedan od svedoka za&nbsp;<em>Korijere del Veneto<\/em>.<\/p>\n\n\n\n<p class=\"wp-block-paragraph\">Istraga za sada pokazuje da je protiv biv\u0161eg partnera L.M. 2019. godine izdata naredba o zabrani prilaska. Be\u017eivotno telo ubijene \u017eene prona\u0111eno je na asfaltu u blizini njenog automobila.<\/p>\n\n\n\n<p class=\"wp-block-paragraph\">L.M. \u017eivela je u mestu Skio u blizini Vi\u0107ence, rekao je Benedeto Mondelo, poslodavac \u017ertve. On je ispri\u010dao da je oko godinu dana bila partnerka njegovog brata, a problemi sa biv\u0161im mu\u017eem su im bili poznati i bili su vrlo zabrinuti.<\/p>\n\n\n\n<p class=\"wp-block-paragraph\">&#8222;Ono \u0161to ne mogu da shvatim je pona\u0161anje socijalnih radnika i sudija koji su znali za ovu situaciju i nisu je spre\u010dili&#8220;, kazao je Mondelo.<\/p>\n\n\n\n<p class=\"wp-block-paragraph\"><\/p>\n\n\n\n<p class=\"wp-block-paragraph\" style=\"font-size:10px\">SOURCE: <a href=\"https:\/\/www.rts.rs\/page\/stories\/sr\/story\/10\/svet\/4844070\/ubistvo-zena-srpsko-poreklo-ubijena-vicenca.html\" target=\"_blank\" rel=\"noreferrer noopener\">RTS<\/a> PHOTO: SCREENSHOT<\/p>","protected":false},"excerpt":{"rendered":"<p>\u010cetrdesetdvogodi\u0161nji Z.V. ubio je biv\u0161u suprugu L.M, srpskog porekla, na ulici u Vi\u0107enci. Zatim je sa sada\u0161njom devojkom pobegao automobilom, ubio i nju i na kraju oduzeo \u017eivot i sebi. To je tragi\u010dni epilog pri\u010de koja je po\u010dela u sredu ujutru 8. juna u Vi\u0107enci, kada je ubijena L.M, 42-godi\u0161nja \u017eena srpskog porekla. Ubistvo je [&hellip;]<\/p>\n","protected":false},"author":4,"featured_media":0,"comment_status":"","ping_status":"","sticky":false,"template":"","format":"standard","meta":{"footnotes":""},"categories":[431,369],"tags":[532,1161,36214,36398,54098,6905],"class_list":["post-38142","post","type-post","status-publish","format-standard","hentry","category-svet","category-vesti","tag-italija","tag-policija","tag-samoubistvo","tag-ubistvo","tag-vicenca","tag-zlocin"],"_links":{"self":[{"href":"https:\/\/chicagodesavanja.us\/en\/wp-json\/wp\/v2\/posts\/38142","targetHints":{"allow":["GET"]}}],"collection":[{"href":"https:\/\/chicagodesavanja.us\/en\/wp-json\/wp\/v2\/posts"}],"about":[{"href":"https:\/\/chicagodesavanja.us\/en\/wp-json\/wp\/v2\/types\/post"}],"author":[{"embeddable":true,"href":"https:\/\/chicagodesavanja.us\/en\/wp-json\/wp\/v2\/users\/4"}],"replies":[{"embeddable":true,"href":"https:\/\/chicagodesavanja.us\/en\/wp-json\/wp\/v2\/comments?post=38142"}],"version-history":[{"count":0,"href":"https:\/\/chicagodesavanja.us\/en\/wp-json\/wp\/v2\/posts\/38142\/revisions"}],"wp:attachment":[{"href":"https:\/\/chicagodesavanja.us\/en\/wp-json\/wp\/v2\/media?parent=38142"}],"wp:term":[{"taxonomy":"category","embeddable":true,"href":"https:\/\/chicagodesavanja.us\/en\/wp-json\/wp\/v2\/categories?post=38142"},{"taxonomy":"post_tag","embeddable":true,"href":"https:\/\/chicagodesavanja.us\/en\/wp-json\/wp\/v2\/tags?post=38142"}],"curies":[{"name":"WP","href":"https:\/\/api.w.org\/{rel}","templated":true}]}}