{"id":38104,"date":"2022-06-12T05:45:00","date_gmt":"2022-06-12T05:45:00","guid":{"rendered":"https:\/\/chicagodesavanja.us\/najmanje-jedna-osoba-poginula-u-poplavama-koje-je-izazvalo-snazno-nevreme-u-ankari\/"},"modified":"2022-06-12T05:45:00","modified_gmt":"2022-06-12T05:45:00","slug":"najmanje-jedna-osoba-poginula-u-poplavama-koje-je-izazvalo-snazno-nevreme-u-ankari","status":"publish","type":"post","link":"https:\/\/chicagodesavanja.us\/en\/vesti\/najmanje-jedna-osoba-poginula-u-poplavama-koje-je-izazvalo-snazno-nevreme-u-ankari\/","title":{"rendered":"Stravi\u010dno nevreme u Ankari (VIDEO)"},"content":{"rendered":"<p class=\"wp-block-paragraph\">Najmanje jedna osoba poginula je u<a href=\"https:\/\/24sedam.rs\/search?query=poplave\" target=\"_blank\" rel=\"noreferrer noopener\">\u00a0<\/a>poplavama koje je izazvalo sna\u017eno nevreme u glavnom gradu Turske Ankari.<\/p>\n\n\n\n<p class=\"wp-block-paragraph\">Usled obilne ki\u0161e do\u0161lo je do izlivanja reke Tatlar, a nabujala voda odnela je 27-godi\u0161njeg mu\u0161karca, koji je radio kao voza\u010d u rehabilitacionom centru u Ankari, prenosi Anadolija.<\/p>\n\n\n\n<figure class=\"wp-block-embed is-type-rich is-provider-twitter wp-block-embed-twitter\"><div class=\"wp-block-embed__wrapper\">\n<blockquote class=\"twitter-tweet\" data-width=\"500\" data-dnt=\"true\"><p lang=\"en\" dir=\"ltr\">a big <a href=\"https:\/\/x.com\/hashtag\/storm?src=hash&amp;ref_src=twsrc%5Etfw\">#storm<\/a> hits <a href=\"https:\/\/x.com\/hashtag\/Ankara?src=hash&amp;ref_src=twsrc%5Etfw\">#Ankara<\/a> <a href=\"https:\/\/x.com\/hashtag\/turkey?src=hash&amp;ref_src=twsrc%5Etfw\">#turkey<\/a> <a href=\"https:\/\/t.co\/1w0wqFBilT\">pic.twitter.com\/1w0wqFBilT<\/a><\/p>&mdash; miki\ud83c\uddee\ud83c\uddf9\ud83c\uddea\ud83c\uddf8 (@elcartagenese) <a href=\"https:\/\/x.com\/elcartagenese\/status\/1535672531406946305?ref_src=twsrc%5Etfw\">June 11, 2022<\/a><\/blockquote><script async src=\"https:\/\/platform.x.com\/widgets.js\" charset=\"utf-8\"><\/script>\n<\/div><\/figure>\n\n\n\n<p class=\"wp-block-paragraph\">Ekipe kancelarije za upravljanje katastrofama i vanrednim situacijama (AFAD) i jedinice za potragu \u017eandarmerije (JAK) nedugo zatim su prona\u0161le njegovo be\u017eivotno telo.<\/p>\n\n\n\n<p class=\"wp-block-paragraph\">Prema preliminarnim podacima, povre\u0111ena je jedna osoba.<\/p>\n\n\n\n<figure class=\"wp-block-embed is-type-rich is-provider-twitter wp-block-embed-twitter\"><div class=\"wp-block-embed__wrapper\">\n<blockquote class=\"twitter-tweet\" data-width=\"500\" data-dnt=\"true\"><p lang=\"tr\" dir=\"ltr\">Ankara\u2019da afet ya\u015fan\u0131yorken, yalama troller yerel y\u00f6netime \u00e7akma yar\u0131\u015f\u0131nda. Ulan az\u0131c\u0131k edep az\u0131c\u0131k insanl\u0131k be. 23 y\u0131l Ankara\u2019y\u0131 s\u00f6m\u00fcren, betona, dinazora yat\u0131r\u0131m yapan damacanaya \u00e7evirin s\u0131rt\u0131n\u0131z\u0131. <br><br>Ge\u00e7mi\u015f olsun <a href=\"https:\/\/x.com\/hashtag\/Ankara?src=hash&amp;ref_src=twsrc%5Etfw\">#Ankara<\/a>, in\u015fallah can ve mal kay\u0131ps\u0131z atlat\u0131l\u0131r <a href=\"https:\/\/x.com\/hashtag\/Ya%C4%9Fmur?src=hash&amp;ref_src=twsrc%5Etfw\">#Ya\u011fmur<\/a> <a href=\"https:\/\/t.co\/8VEsTW4GsD\">pic.twitter.com\/8VEsTW4GsD<\/a><\/p>&mdash; CUMHUR (@cmhr1881) <a href=\"https:\/\/x.com\/cmhr1881\/status\/1535609831083630593?ref_src=twsrc%5Etfw\">June 11, 2022<\/a><\/blockquote><script async src=\"https:\/\/platform.x.com\/widgets.js\" charset=\"utf-8\"><\/script>\n<\/div><\/figure>\n\n\n\n<p class=\"wp-block-paragraph\">U jednom delu Ankare vetar je odneo krov sa stambenog objekta, koji je pao na parkirani automobil u blizini.<\/p>\n\n\n\n<p class=\"wp-block-paragraph\">Veliki broj vozila ostao je pod vodom, a deo ulica je zatvoren za saobra\u0107aj.<\/p>\n\n\n\n<p class=\"wp-block-paragraph\">Zamenik ministra unutra\u0161njih poslova Ismail \u010catakli rekao je da su vatrogasne brigade i AFAD primili vi\u0161e od 1.000 poziva za pomo\u0107 i intervencije.<\/p>\n\n\n\n<p class=\"wp-block-paragraph\">IZVOR: 24SEDAM I FOTO: PRINTSCREEN<\/p>","protected":false},"excerpt":{"rendered":"<p>Najmanje jedna osoba poginula je u\u00a0poplavama koje je izazvalo sna\u017eno nevreme u glavnom gradu Turske Ankari. Usled obilne ki\u0161e do\u0161lo je do izlivanja reke Tatlar, a nabujala voda odnela je 27-godi\u0161njeg mu\u0161karca, koji je radio kao voza\u010d u rehabilitacionom centru u Ankari, prenosi Anadolija. Ekipe kancelarije za upravljanje katastrofama i vanrednim situacijama (AFAD) i jedinice [&hellip;]<\/p>\n","protected":false},"author":3,"featured_media":0,"comment_status":"","ping_status":"","sticky":false,"template":"","format":"standard","meta":{"footnotes":""},"categories":[431,369],"tags":[20758,5768,39062,3562,49587,26388,19317,2372,5771,1215],"class_list":["post-38104","post","type-post","status-publish","format-standard","hentry","category-svet","category-vesti","tag-anadolija","tag-ankara","tag-muskarac","tag-nevreme","tag-osoba","tag-poplava","tag-reka","tag-svet","tag-turska","tag-vesti"],"_links":{"self":[{"href":"https:\/\/chicagodesavanja.us\/en\/wp-json\/wp\/v2\/posts\/38104","targetHints":{"allow":["GET"]}}],"collection":[{"href":"https:\/\/chicagodesavanja.us\/en\/wp-json\/wp\/v2\/posts"}],"about":[{"href":"https:\/\/chicagodesavanja.us\/en\/wp-json\/wp\/v2\/types\/post"}],"author":[{"embeddable":true,"href":"https:\/\/chicagodesavanja.us\/en\/wp-json\/wp\/v2\/users\/3"}],"replies":[{"embeddable":true,"href":"https:\/\/chicagodesavanja.us\/en\/wp-json\/wp\/v2\/comments?post=38104"}],"version-history":[{"count":0,"href":"https:\/\/chicagodesavanja.us\/en\/wp-json\/wp\/v2\/posts\/38104\/revisions"}],"wp:attachment":[{"href":"https:\/\/chicagodesavanja.us\/en\/wp-json\/wp\/v2\/media?parent=38104"}],"wp:term":[{"taxonomy":"category","embeddable":true,"href":"https:\/\/chicagodesavanja.us\/en\/wp-json\/wp\/v2\/categories?post=38104"},{"taxonomy":"post_tag","embeddable":true,"href":"https:\/\/chicagodesavanja.us\/en\/wp-json\/wp\/v2\/tags?post=38104"}],"curies":[{"name":"WP","href":"https:\/\/api.w.org\/{rel}","templated":true}]}}