{"id":37964,"date":"2022-05-25T05:45:00","date_gmt":"2022-05-25T05:45:00","guid":{"rendered":"https:\/\/chicagodesavanja.us\/lideri-cikaga-i-ilinoisa-reaguju-na-smrtonosnu-pucnjavu\/"},"modified":"2022-05-25T05:45:00","modified_gmt":"2022-05-25T05:45:00","slug":"lideri-cikaga-i-ilinoisa-reaguju-na-smrtonosnu-pucnjavu","status":"publish","type":"post","link":"https:\/\/chicagodesavanja.us\/en\/vesti\/lideri-cikaga-i-ilinoisa-reaguju-na-smrtonosnu-pucnjavu\/","title":{"rendered":"\u010cikago: Demokratski lideri IL pozvali na kontrolu oru\u017eja"},"content":{"rendered":"<p class=\"wp-block-paragraph\">Lideri \u010cikaga i Ilinoisa reaguju na smrtonosnu pucnjavu u osnovnoj \u0161koli u Teksasu, a neki pozivaju na zakon o kontroli oru\u017eja. \u010cetrnaest u\u010denika i nastavnik poginuli su u pucnjavi u osnovnoj \u0161koli Robb u Uvalde-u u utorak 24. maja, saop\u0161tio je guverner Teksasa Greg Abbott. On je rekao da je mrtav i 18-godi\u0161nji osumnji\u010deni, u\u010denik srednje \u0161kole Uvalde. Gradona\u010delnica Lightfoot izdala je saop\u0161tenje pozivaju\u0107i izabrane predstavnike da donesu zakon o kontroli oru\u017eja.<\/p>\n\n\n\n<p class=\"wp-block-paragraph\">Demokratski \u010dlanovi Kongresa tako\u0111e su pozvali na zakon o kontroli oru\u017eja. &#8222;Dosta mi je da slu\u0161am o razmi\u0161ljanjima i molitvama mojih republikanskih kolega &#8211; istih kolega koji tvrde da su &#8216;za \u017eivot&#8217;, a zatim blokiraju zakone koji bi mogli spasiti \u017eivote&#8220;, rekao je predstavnik Mike Quigley u izjavi. \u201eNa\u0161a deca zaslu\u017euju bolje.\u201d<\/p>\n\n\n\n<figure class=\"wp-block-embed is-type-rich is-provider-twitter wp-block-embed-twitter\"><div class=\"wp-block-embed__wrapper\">\n<blockquote class=\"twitter-tweet\" data-width=\"500\" data-dnt=\"true\"><p lang=\"en\" dir=\"ltr\">As a mother of two, my heart is shattered.<br><br>14 children and 1 teacher gone forever.<br><br>I will never understand how Republicans can consider NRA dollars more important than American lives.<br><br>When will enough finally be enough?<br><br>This cannot be normal. We need to take action. Now.<\/p>&mdash; Tammy Duckworth (@TammyDuckworth) <a href=\"https:\/\/x.com\/TammyDuckworth\/status\/1529216380670824448?ref_src=twsrc%5Etfw\">May 24, 2022<\/a><\/blockquote><script async src=\"https:\/\/platform.x.com\/widgets.js\" charset=\"utf-8\"><\/script>\n<\/div><\/figure>\n\n\n\n<p class=\"wp-block-paragraph\">\u201ePreklinjem \u2013 preklinjem \u2013 moje republikanske kolege da se pridru\u017ee demokratama u kona\u010dnom unosu izmena u na\u0161e zakone o oru\u017eju kako bismo spre\u010dili Amerikance da pre\u010desto ponovo pro\u017eivljavaju ovu tragediju sa oru\u017ejem\u201c, rekao je Durbin u saop\u0161tenju. \u201eNe mo\u017eemo da nastavimo da sedimo skr\u0161tenih ruku i dozvolimo da se izgube nevini \u017eivoti. Kongres mora da deluje.\u201d<\/p>\n\n\n\n<p class=\"wp-block-paragraph\">Guverner JB Pritzker je objavio saop\u0161tenje na Tviteru, rekav\u0161i da je njegova &#8222;odlu\u010dnost sa svim Amerikancima koji rade na okon\u010danju besmislenog nasilja oru\u017ejem&#8220;. Dr\u017eavni tu\u017eilac Kwame Raoul tako\u0111e se oglasio na Tviteru, rekav\u0161i da \u201ena\u0161a deca zaslu\u017euju bolje\u201c. Policijska uprava \u010cikaga tako\u0111e je reagovala na pucnjavu.<\/p>\n\n\n\n<figure class=\"wp-block-embed is-type-rich is-provider-twitter wp-block-embed-twitter\"><div class=\"wp-block-embed__wrapper\">\n<blockquote class=\"twitter-tweet\" data-width=\"500\" data-dnt=\"true\"><p lang=\"en\" dir=\"ltr\">My heart breaks for the families in Texas. Our children deserve better. No child, wherever they are, should have to live in a world plagued by gun violence.<\/p>&mdash; Kwame Raoul (@KwameRaoul) <a href=\"https:\/\/x.com\/KwameRaoul\/status\/1529216094346612742?ref_src=twsrc%5Etfw\">May 24, 2022<\/a><\/blockquote><script async src=\"https:\/\/platform.x.com\/widgets.js\" charset=\"utf-8\"><\/script>\n<\/div><\/figure>\n\n\n\n<figure class=\"wp-block-embed is-type-rich is-provider-twitter wp-block-embed-twitter\"><div class=\"wp-block-embed__wrapper\">\n<blockquote class=\"twitter-tweet\" data-width=\"500\" data-dnt=\"true\"><p lang=\"en\" dir=\"ltr\">I am absolutely heartbroken by the horrific tragedy in Uvalde, Texas today. No one, especially our children, should ever be a victim or a witness to gun violence.  The <a href=\"https:\/\/x.com\/Chicago_Police?ref_src=twsrc%5Etfw\">@Chicago_Police<\/a> Department joins the country in praying for every single person affected by this senseless act.<\/p>&mdash; Chief David O. Brown (@ChiefDavidBrown) <a href=\"https:\/\/x.com\/ChiefDavidBrown\/status\/1529224816653242368?ref_src=twsrc%5Etfw\">May 24, 2022<\/a><\/blockquote><script async src=\"https:\/\/platform.x.com\/widgets.js\" charset=\"utf-8\"><\/script>\n<\/div><\/figure>\n\n\n\n<p class=\"wp-block-paragraph\">Izvr\u0161ni direktor CPS-a Pedro Martinez, koji je ranije bio upravnik \u0161kolskog okruga u San Antoniju, tako\u0111e je objavio izjavu u kojoj ka\u017ee: \u201eZajednica javnih \u0161kola u \u010cikagu pridru\u017euje se na\u0161oj naciji u \u017ealovanju za tragi\u010dnim gubitkom \u017eivota nakon jo\u0161 jedne u\u017easne pucnjave u \u0161koli. Ovakvi akti besmislenog nasilja ne mogu biti norma za na\u0161e \u0161kole u \u200b\u200bAmerici. U CPS-u \u0107emo nastaviti da blisko sara\u0111ujemo sa na\u0161om javnom bezbedno\u0161\u0107u. Tako\u0111e prepoznajemo va\u017enost izgradnje \u010dvrstih odnosa sa na\u0161im u\u010denicima i me\u0111usobno kako bismo osigurali da na\u0161e \u0161kole budu bezbedna i prijatna mesta.&#8220;<\/p>\n\n\n\n<figure class=\"wp-block-embed is-type-rich is-provider-twitter wp-block-embed-twitter\"><div class=\"wp-block-embed__wrapper\">\n<blockquote class=\"twitter-tweet\" data-width=\"500\" data-dnt=\"true\"><p lang=\"en\" dir=\"ltr\">Our heartfelt condolences go out to the families of the precious children who\u2019s lives were senselessly taken today <a href=\"https:\/\/x.com\/hashtag\/UvaldeTX?src=hash&amp;ref_src=twsrc%5Etfw\">#UvaldeTX<\/a>. <a href=\"https:\/\/x.com\/hashtag\/ChicagoPolice?src=hash&amp;ref_src=twsrc%5Etfw\">#ChicagoPolice<\/a>  <a href=\"https:\/\/t.co\/1C2FNTFXZa\">https:\/\/t.co\/1C2FNTFXZa<\/a><\/p>&mdash; Tom Ahern (@TAhern_) <a href=\"https:\/\/x.com\/TAhern_\/status\/1529226975641993219?ref_src=twsrc%5Etfw\">May 24, 2022<\/a><\/blockquote><script async src=\"https:\/\/platform.x.com\/widgets.js\" charset=\"utf-8\"><\/script>\n<\/div><\/figure>\n\n\n\n<p class=\"wp-block-paragraph\" style=\"font-size:10px\">SOURCE: <a href=\"https:\/\/abc7chicago.com\/texas-school-shooting-robb-elementary-jb-pritzker-lori-lightfoot\/11890748\/\" target=\"_blank\" rel=\"noreferrer noopener\">ABC 7 CHICAGO<\/a> | FOTO: ABC 7 CHICAGO <\/p>","protected":false},"excerpt":{"rendered":"<p>Lideri \u010cikaga i Ilinoisa reaguju na smrtonosnu pucnjavu u osnovnoj \u0161koli u Teksasu, a neki pozivaju na zakon o kontroli oru\u017eja. \u010cetrnaest u\u010denika i nastavnik poginuli su u pucnjavi u osnovnoj \u0161koli Robb u Uvalde-u u utorak 24. maja, saop\u0161tio je guverner Teksasa Greg Abbott. On je rekao da je mrtav i 18-godi\u0161nji osumnji\u010deni, u\u010denik [&hellip;]<\/p>\n","protected":false},"author":3,"featured_media":0,"comment_status":"","ping_status":"","sticky":false,"template":"","format":"standard","meta":{"footnotes":""},"categories":[368,653,369],"tags":[538,457,370,544,48593,4405,37446,14296,19185,3165,46146,568,2418],"class_list":["post-37964","post","type-post","status-publish","format-standard","hentry","category-vesti-amerika","category-cikago","category-vesti","tag-amerika","tag-chicago","tag-cikago","tag-deca","tag-gradonacelnica-lightfoot","tag-ilinois","tag-ilinois-i-cikago","tag-kontrola-oruzja","tag-pritzker","tag-pucnjava","tag-pucnjava-u-skoli","tag-sad","tag-skole"],"_links":{"self":[{"href":"https:\/\/chicagodesavanja.us\/en\/wp-json\/wp\/v2\/posts\/37964","targetHints":{"allow":["GET"]}}],"collection":[{"href":"https:\/\/chicagodesavanja.us\/en\/wp-json\/wp\/v2\/posts"}],"about":[{"href":"https:\/\/chicagodesavanja.us\/en\/wp-json\/wp\/v2\/types\/post"}],"author":[{"embeddable":true,"href":"https:\/\/chicagodesavanja.us\/en\/wp-json\/wp\/v2\/users\/3"}],"replies":[{"embeddable":true,"href":"https:\/\/chicagodesavanja.us\/en\/wp-json\/wp\/v2\/comments?post=37964"}],"version-history":[{"count":0,"href":"https:\/\/chicagodesavanja.us\/en\/wp-json\/wp\/v2\/posts\/37964\/revisions"}],"wp:attachment":[{"href":"https:\/\/chicagodesavanja.us\/en\/wp-json\/wp\/v2\/media?parent=37964"}],"wp:term":[{"taxonomy":"category","embeddable":true,"href":"https:\/\/chicagodesavanja.us\/en\/wp-json\/wp\/v2\/categories?post=37964"},{"taxonomy":"post_tag","embeddable":true,"href":"https:\/\/chicagodesavanja.us\/en\/wp-json\/wp\/v2\/tags?post=37964"}],"curies":[{"name":"WP","href":"https:\/\/api.w.org\/{rel}","templated":true}]}}