{"id":37903,"date":"2022-05-29T07:50:00","date_gmt":"2022-05-29T07:50:00","guid":{"rendered":"https:\/\/chicagodesavanja.us\/stizu-hari-i-megan\/"},"modified":"2022-05-29T07:50:00","modified_gmt":"2022-05-29T07:50:00","slug":"stizu-hari-i-megan","status":"publish","type":"post","link":"https:\/\/chicagodesavanja.us\/en\/vesti\/stizu-hari-i-megan\/","title":{"rendered":"Sti\u017eu Hari i Megan: Kraljica sprema veliku zabavu za jubilej"},"content":{"rendered":"<p class=\"wp-block-paragraph\">Vojvoda i vojvotkinja od Saseska, princ Hari i Megan Markl, pridu\u017ei\u0107e se kraljici Elizabeti II na slu\u017ebi zahvalnosti u katedrali Svetog Pavla slede\u0107e nedelje, kako bi proslavili njen platinasti jubilej &#8211; a tamo \u0107e biti i princ Endru, pi\u0161u britanski mediji.<\/p>\n\n\n\n<p class=\"wp-block-paragraph\">Par koji \u017eivi u Los An\u0111elesu, \u0107e u petak 3. juna odati po\u010dast kraljici koja je sedam decenija na tronu. Uz kraljicu \u0107e biti njena deca, unuci i praunuci.<\/p>\n\n\n\n<p class=\"wp-block-paragraph\">Princ Endru koji se tako\u0111e retko pojavljuje u javnosti, najvi\u0161e zbog skandala u vezi dru\u017eenja sa pedofilom D\u017eefrijem Epstajnom i optu\u017ebama za silovanje, bi\u0107e na slu\u017ebi u katedrali. Nedavno je re\u010deno da princ Endru redovno pose\u0107uje svoju majku u Vindzoru, kako bi pokazao da kraljevska porodica i dalje mo\u017ee da ra\u010duna na njega.<\/p>\n\n\n\n<p class=\"wp-block-paragraph\">Ipak, Megan i Hari, kao i princ Endru, ne\u0107e se pojaviti na balkonu Bakingemske palate tokom parade &#8222;Pozdrav bojama&#8220;.<\/p>\n\n\n\n<p class=\"wp-block-paragraph\">\u201ePosle zrelog razmi\u0161ljanja kraljica je odlu\u010dila da \u0107e tradicionalno pojavljivanje na balkonu za Pozdrav bojama u \u010detvrtak, 2. jula ove godine biti ograni\u010deno na njeno kraljevsko viso\u010danstvo i \u010dlanove kraljevske porodice koji vr\u0161e zvani\u010dne javne obaveze u ime kraljice\u201c, rekao je portparol palate.<\/p>\n\n\n\n<p class=\"wp-block-paragraph\">Veruje se da \u0107e sve o\u010di biti uprte u Saseksove tokom slu\u017ebe u katedrali Svetog Pavla, jer \u0107e to biti prvi put da je par okru\u017een \u010dlanovima porodice u tolikom broju od svog ven\u010danja 2018. godine u Vindzoru.<\/p>\n\n\n\n<p class=\"wp-block-paragraph\">Otkako su napustili Veliku Britaniju i prestali da budu radni \u010dlanovi kraljevske porodice, Megan i Hari su dali intervju Opri Vinfri, a gotovo sve vreme su se javnosti pojavljivale tvrdnje i navodi protiv kraljevske porodice. Kraljevski par se trudio da sebe prestave kao \u017ertve.<\/p>\n\n\n\n<p class=\"wp-block-paragraph\">O\u010dekuje se da \u0107e Saseksovi do\u0107i sa decom, sinom Ar\u010dijem i \u0107erkom Lilibet. Sve\u010danim de\u0161avanjima \u0107e prisustvovati i deca princa Vilijama i Kejt Midlton, prenosi Dejli mejl.<\/p>\n\n\n\n<p class=\"wp-block-paragraph\">\u010cetiri dana proslava koje Britanci radosno o\u010dekuju predvi\u0111ena su od 2. do 5. juna da se obele\u017ei platinasti jubilej za 70 godina vladavine 96-ogodi\u0161nje kraljice Elizabete Druge. Sve\u010danosti po\u010dinju sa Pozdravom bojama paradom koja zvani\u010dno obele\u017eava ro\u0111endan kraljice svake godine.<\/p>\n\n\n\n<p class=\"wp-block-paragraph\">Bilo je puno spekulacija o tome da li \u0107e na balkonu biti unuk krajice princ Hari i njegova supruga Megan koji \u017eive u Kaliforniji od kada su odlu\u010dili da se povuku od britanske monarhije 2020. godine, kao i o princu Endrjuu, kralji\u010din sin kome su oduzete sve zvani\u010dne uloge zbog njegove povezanosti sa aferom Epstajn.<\/p>\n\n\n\n<p class=\"wp-block-paragraph\">Ukupno se 18 \u010dlanova kraljevske porodice, me\u0111u kojima prestolonaslednik \u010carls i njegova supruga Kamila, kao i njegov sin Vilijam sa suprugom Kejt i njihovo troje dece, o\u010dekuju na balkonu povodom te velike vojne parade koja je bila otkazana 2020. i 2021. zbog pandemije.<\/p>\n\n\n\n<p class=\"wp-block-paragraph\">Izvor u palati nije isklju\u010dio da bi Hari, Megan i Endrju mogli da u\u010destvuju u drugim doga\u0111ajima predvi\u0111enim u okviru proslave.<\/p>\n\n\n\n<p class=\"wp-block-paragraph\"><\/p>\n\n\n\n<p class=\"wp-block-paragraph\" style=\"font-size:10px\">IZVOR: NOVA I FOTO: PRINTSCREEN<\/p>","protected":false},"excerpt":{"rendered":"<p>Vojvoda i vojvotkinja od Saseska, princ Hari i Megan Markl, pridu\u017ei\u0107e se kraljici Elizabeti II na slu\u017ebi zahvalnosti u katedrali Svetog Pavla slede\u0107e nedelje, kako bi proslavili njen platinasti jubilej &#8211; a tamo \u0107e biti i princ Endru, pi\u0161u britanski mediji. Par koji \u017eivi u Los An\u0111elesu, \u0107e u petak 3. juna odati po\u010dast kraljici [&hellip;]<\/p>\n","protected":false},"author":4,"featured_media":0,"comment_status":"","ping_status":"","sticky":false,"template":"","format":"standard","meta":{"wpai_generated_summary":"","footnotes":""},"categories":[431,369],"tags":[52301,46437,44376,48150,48548,43796,40242,6646,53813],"class_list":["post-37903","post","type-post","status-publish","format-standard","hentry","category-svet","category-vesti","tag-britanska-kraljica","tag-elizabeta","tag-hari-i-megan","tag-jubilej","tag-kraljica-elizabeta","tag-megan-markl","tag-princ-hari","tag-velika-britanija","tag-vindzor"],"_links":{"self":[{"href":"https:\/\/chicagodesavanja.us\/en\/wp-json\/wp\/v2\/posts\/37903","targetHints":{"allow":["GET"]}}],"collection":[{"href":"https:\/\/chicagodesavanja.us\/en\/wp-json\/wp\/v2\/posts"}],"about":[{"href":"https:\/\/chicagodesavanja.us\/en\/wp-json\/wp\/v2\/types\/post"}],"author":[{"embeddable":true,"href":"https:\/\/chicagodesavanja.us\/en\/wp-json\/wp\/v2\/users\/4"}],"replies":[{"embeddable":true,"href":"https:\/\/chicagodesavanja.us\/en\/wp-json\/wp\/v2\/comments?post=37903"}],"version-history":[{"count":0,"href":"https:\/\/chicagodesavanja.us\/en\/wp-json\/wp\/v2\/posts\/37903\/revisions"}],"wp:attachment":[{"href":"https:\/\/chicagodesavanja.us\/en\/wp-json\/wp\/v2\/media?parent=37903"}],"wp:term":[{"taxonomy":"category","embeddable":true,"href":"https:\/\/chicagodesavanja.us\/en\/wp-json\/wp\/v2\/categories?post=37903"},{"taxonomy":"post_tag","embeddable":true,"href":"https:\/\/chicagodesavanja.us\/en\/wp-json\/wp\/v2\/tags?post=37903"}],"curies":[{"name":"WP","href":"https:\/\/api.w.org\/{rel}","templated":true}]}}